{"id":922,"date":"2020-04-21T17:05:59","date_gmt":"2020-04-21T15:05:59","guid":{"rendered":"http:\/\/etreshumainsprofessionnels.fr\/?p=922"},"modified":"2023-06-08T12:32:04","modified_gmt":"2023-06-08T10:32:04","slug":"loup-es-tu","status":"publish","type":"post","link":"https:\/\/etreshumainsprofessionnels.fr\/index.php\/2020\/04\/21\/loup-es-tu\/","title":{"rendered":"Loup es tu"},"content":{"rendered":"\t\t<div data-elementor-type=\"wp-post\" data-elementor-id=\"922\" class=\"elementor elementor-922\">\n\t\t\t\t\t\t<section class=\"elementor-section elementor-top-section elementor-element elementor-element-638c862 elementor-section-boxed elementor-section-height-default elementor-section-height-default\" data-id=\"638c862\" data-element_type=\"section\">\n\t\t\t\t\t\t<div class=\"elementor-container elementor-column-gap-default\">\n\t\t\t\t\t<div class=\"elementor-column elementor-col-100 elementor-top-column elementor-element elementor-element-2b215e7\" data-id=\"2b215e7\" data-element_type=\"column\">\n\t\t\t<div class=\"elementor-widget-wrap elementor-element-populated\">\n\t\t\t\t\t\t<div class=\"elementor-element elementor-element-6470331 elementor-widget elementor-widget-heading\" data-id=\"6470331\" data-element_type=\"widget\" data-widget_type=\"heading.default\">\n\t\t\t\t<div class=\"elementor-widget-container\">\n\t\t\t<h3 class=\"elementor-heading-title elementor-size-large\">Loup es tu ?<\/h3>\t\t<\/div>\n\t\t\t\t<\/div>\n\t\t\t\t\t<\/div>\n\t\t<\/div>\n\t\t\t\t\t<\/div>\n\t\t<\/section>\n\t\t\t\t<section class=\"elementor-section elementor-top-section elementor-element elementor-element-0811ed2 elementor-section-boxed elementor-section-height-default elementor-section-height-default\" data-id=\"0811ed2\" data-element_type=\"section\">\n\t\t\t\t\t\t<div class=\"elementor-container elementor-column-gap-default\">\n\t\t\t\t\t<div class=\"elementor-column elementor-col-66 elementor-top-column elementor-element elementor-element-67659fd\" data-id=\"67659fd\" data-element_type=\"column\">\n\t\t\t<div class=\"elementor-widget-wrap elementor-element-populated\">\n\t\t\t\t\t\t<div class=\"elementor-element elementor-element-91da491 elementor-widget elementor-widget-text-editor\" data-id=\"91da491\" data-element_type=\"widget\" data-widget_type=\"text-editor.default\">\n\t\t\t\t<div class=\"elementor-widget-container\">\n\t\t\t\t\t\t\t<p>Sais-tu ce que c&#8217;est, un loup?<br \/>En as-tu rencontr\u00e9?<br \/>Sais-tu qu&#8217;avant, il y a longtemps, il y avait des loups dans Paris?<br \/>Qu&#8217;est-ce qu&#8217;un loup, en vrai?Et dans notre imaginaire?Dans nos images?<\/p><p>Nous proposons un atelier de lecture \u00e0 voix haute sur le th\u00e8me du loup!<\/p><p>Nous prenons toujours\u00a0 comme support des litt\u00e9ratures exigeantes,\u00a0 volontairement diff\u00e9rentes et interg\u00e9n\u00e9rationnelles, pr\u00e9sent\u00e9es ici sur le mode ludique.<\/p><p>La litt\u00e9rature est ici coupl\u00e9e \u00e0 un autre pratique : peinture, dessin, cuisine, musique&#8230;<\/p><p>On r\u00e9alise un collage dessin \u2013 peinture \u00e0 partir d&#8217;une empreinte de loup.<\/p><p>On fait le loup, individuellement, collectivement en lisant, puis en jouant.<\/p><p>On \u00e9coute &#8220;Pierre et le loup&#8221; de Serge Prokofiev.<br \/>On lit du th\u00e9\u00e2tre :\u00a0 &#8220;Au bois&#8221; de Claudine Galea, transposition contemporaine et urbaine du &#8220;Petit chaperon rouge&#8221;. Et on d\u00e9couvre que le danger n&#8217;est pas l\u00e0 o\u00f9 l&#8217;on croit&#8230;<\/p><p>Livres lus :<br \/>&#8220;Je suis le plus fort&#8221; de Mario Ramos.<br \/>&#8220;Au bois&#8221; de Claudine Galea<br \/>&#8220;La mort du loup&#8221; d&#8217;Alfred de Vigny.<\/p><p>Musiques :<br \/>&#8220;Pierre et le loup&#8221; de Serge Prokofiev.<br \/>&#8220;Steppenwolf&#8221; du groupe de rock homonyme.<\/p>\t\t\t\t\t\t<\/div>\n\t\t\t\t<\/div>\n\t\t\t\t\t<\/div>\n\t\t<\/div>\n\t\t\t\t<div class=\"elementor-column elementor-col-33 elementor-top-column elementor-element elementor-element-5eadf26\" data-id=\"5eadf26\" data-element_type=\"column\" data-settings=\"{&quot;background_background&quot;:&quot;classic&quot;}\">\n\t\t\t<div class=\"elementor-widget-wrap elementor-element-populated\">\n\t\t\t\t\t\t<div class=\"elementor-element elementor-element-626a358 elementor-widget elementor-widget-text-editor\" data-id=\"626a358\" data-element_type=\"widget\" data-widget_type=\"text-editor.default\">\n\t\t\t\t<div class=\"elementor-widget-container\">\n\t\t\t\t\t\t\t<p>Cr\u00e9ations sonores r\u00e9alis\u00e9es dans le cadre des ateliers men\u00e9s par l&#8217;association dans le quartier La Redoute \u00e0 Fontenay-sous-Bois, 94.<\/p>\t\t\t\t\t\t<\/div>\n\t\t\t\t<\/div>\n\t\t\t\t<div class=\"elementor-element elementor-element-3d1dd96 elementor-widget elementor-widget-html\" data-id=\"3d1dd96\" data-element_type=\"widget\" data-widget_type=\"html.default\">\n\t\t\t\t<div class=\"elementor-widget-container\">\n\t\t\t<iframe width=\"100%\" src=\"https:\/\/audioblog.arteradio.com\/embed\/160623\" style=\"margin: 0;padding: 0;border: none;\"><\/iframe>\t\t<\/div>\n\t\t\t\t<\/div>\n\t\t\t\t<div class=\"elementor-element elementor-element-ec40332 elementor-widget elementor-widget-html\" data-id=\"ec40332\" data-element_type=\"widget\" data-widget_type=\"html.default\">\n\t\t\t\t<div class=\"elementor-widget-container\">\n\t\t\t<iframe width=\"100%\" src=\"https:\/\/audioblog.arteradio.com\/embed\/160626\" style=\"margin: 0;padding: 0;border: none;\"><\/iframe>\t\t<\/div>\n\t\t\t\t<\/div>\n\t\t\t\t<div class=\"elementor-element elementor-element-58003d5 elementor-widget elementor-widget-html\" data-id=\"58003d5\" data-element_type=\"widget\" data-widget_type=\"html.default\">\n\t\t\t\t<div class=\"elementor-widget-container\">\n\t\t\t<iframe width=\"100%\" src=\"https:\/\/audioblog.arteradio.com\/embed\/160627\" style=\"margin: 0;padding: 0;border: none;\"><\/iframe>\t\t<\/div>\n\t\t\t\t<\/div>\n\t\t\t\t<div class=\"elementor-element elementor-element-97f779a elementor-widget-divider--view-line elementor-widget elementor-widget-divider\" data-id=\"97f779a\" data-element_type=\"widget\" data-widget_type=\"divider.default\">\n\t\t\t\t<div class=\"elementor-widget-container\">\n\t\t\t\t\t<div class=\"elementor-divider\">\n\t\t\t<span class=\"elementor-divider-separator\">\n\t\t\t\t\t\t<\/span>\n\t\t<\/div>\n\t\t\t\t<\/div>\n\t\t\t\t<\/div>\n\t\t\t\t<div class=\"elementor-element elementor-element-9810f92 elementor-widget elementor-widget-text-editor\" data-id=\"9810f92\" data-element_type=\"widget\" data-widget_type=\"text-editor.default\">\n\t\t\t\t<div class=\"elementor-widget-container\">\n\t\t\t\t\t\t\t<h4>Le loup et les sept ch\u00e8vreaux<\/h4>\n<p>Film d&#8217;animation allemand (en volume), produit et distribu\u00e9 par la FWU (RFA) au d\u00e9but des ann\u00e9es 1950; cette adaptation du conte de Grimm est ici adapt\u00e9 avec des cartons fran\u00e7ais par l\u2019\u00c9cole Normale Sup\u00e9rieure de Saint-Cloud Centre Audio-Visuel \u00e0 cette \u00e9poque (coll. F. Rolland).<br><em>Droits producteurs \u00e9chus.<\/em><\/p>\t\t\t\t\t\t<\/div>\n\t\t\t\t<\/div>\n\t\t\t\t<div class=\"elementor-element elementor-element-35bedd3 elementor-widget elementor-widget-video\" data-id=\"35bedd3\" data-element_type=\"widget\" data-settings=\"{&quot;youtube_url&quot;:&quot;https:\\\/\\\/www.youtube.com\\\/watch?v=__5brp-M4tU&quot;,&quot;video_type&quot;:&quot;youtube&quot;,&quot;controls&quot;:&quot;yes&quot;}\" data-widget_type=\"video.default\">\n\t\t\t\t<div class=\"elementor-widget-container\">\n\t\t\t\t\t<div class=\"elementor-wrapper elementor-open-inline\">\n\t\t\t<div class=\"elementor-video\"><\/div>\t\t<\/div>\n\t\t\t\t<\/div>\n\t\t\t\t<\/div>\n\t\t\t\t\t<\/div>\n\t\t<\/div>\n\t\t\t\t\t<\/div>\n\t\t<\/section>\n\t\t\t\t<section class=\"elementor-section elementor-top-section elementor-element elementor-element-ace5739 elementor-section-boxed elementor-section-height-default elementor-section-height-default\" data-id=\"ace5739\" data-element_type=\"section\">\n\t\t\t\t\t\t<div class=\"elementor-container elementor-column-gap-default\">\n\t\t\t\t\t<div class=\"elementor-column elementor-col-100 elementor-top-column elementor-element elementor-element-d4c0908\" data-id=\"d4c0908\" data-element_type=\"column\">\n\t\t\t<div class=\"elementor-widget-wrap elementor-element-populated\">\n\t\t\t\t\t\t<div class=\"elementor-element elementor-element-d4765bf elementor-widget elementor-widget-heading\" data-id=\"d4765bf\" data-element_type=\"widget\" data-widget_type=\"heading.default\">\n\t\t\t\t<div class=\"elementor-widget-container\">\n\t\t\t<h2 class=\"elementor-heading-title elementor-size-large\">Qui ? Quand ? O\u00f9 ?<\/h2>\t\t<\/div>\n\t\t\t\t<\/div>\n\t\t\t\t\t<\/div>\n\t\t<\/div>\n\t\t\t\t\t<\/div>\n\t\t<\/section>\n\t\t\t\t<section class=\"elementor-section elementor-top-section elementor-element elementor-element-591d42a elementor-section-boxed elementor-section-height-default elementor-section-height-default\" data-id=\"591d42a\" data-element_type=\"section\">\n\t\t\t\t\t\t<div class=\"elementor-container elementor-column-gap-default\">\n\t\t\t\t\t<div class=\"elementor-column elementor-col-100 elementor-top-column elementor-element elementor-element-639714b\" data-id=\"639714b\" data-element_type=\"column\">\n\t\t\t<div class=\"elementor-widget-wrap elementor-element-populated\">\n\t\t\t\t\t\t<div class=\"elementor-element elementor-element-c83240d elementor-widget elementor-widget-text-editor\" data-id=\"c83240d\" data-element_type=\"widget\" data-widget_type=\"text-editor.default\">\n\t\t\t\t<div class=\"elementor-widget-container\">\n\t\t\t\t\t\t\t<p>Makhtar,Rokia, Cyran\u00e9, Sokhona,\u00a0 Almamy, Papadame, Khadim, Madibou&#8230;.<\/p><p>Depuis octobre 19 et durant chaque petite vacance scolaire, adultes et enfants lisent, r\u00e9alisent des oeuvres peintes, \u00e9coutent de la musique, enregistrent des textes, font la cuisine&#8230;<\/p><p>Comment faire un plat sans viande qui plaise au loup? Surprise!<\/p><p>Merci \u00e0 la mairie et \u00e0 la m\u00e9diath\u00e8que de Fontenay, pour la belle exposition &#8220;Loup y es tu?&#8221; de janvier 2020!<\/p><p><strong>Fontenay-sous-Bois<br \/><\/strong>Vacances d&#8217;octobre,\u00a0 de d\u00e9cembre 2019 de f\u00e9vrier 2020 : espace citoyen du quartier de la Redoute.<br \/>Juillet 2020 (si nous le pouvons!): Lecture et d\u00e9gustation en plein air aux Mille Plateaux.<\/p><p><strong>R\u00e9gion Occitanie, parc du Mercantour (en projet) et Fontenay Sous Bois.<br \/><\/strong>En 2020 : Enregistrement de textes et de musiques sur le th\u00e8me du loup sous la forme de &#8220;flash infos&#8221;<\/p><p><strong>\u00a0<\/strong><strong>Les flashs infos :<br \/><\/strong>Destin\u00e9s \u00e0 d\u00e9mythifier et d\u00e9dramatiser l&#8217;urgence de certaines informations d&#8217;apparence inqui\u00e9tante, et r\u00e9alis\u00e9s avec des publics de tous \u00e2ges, les flashs infos, brefs enregistrements de moins de deux minutes permettent aux participants de s&#8217;initier aux contraintes de l&#8217;enregistrement, d&#8217;avoir une trace de leur travail et de pouvoir l&#8217;envoyer \u00e0 toute personne de leur choix!<\/p><p>Textes de Mario Ramos, Claudine Galea, Alfred de Vigny&#8230;<br \/>Musiques de Serge Prokofiev, Steppenwolf&#8230;<br \/>Sons de loups.<\/p><p><strong>Intervenants <\/strong>: Mara Widcoq et Michel Aymard<br \/><strong>Montage sonore :<\/strong> Timoth\u00e9e Bost.<\/p>\t\t\t\t\t\t<\/div>\n\t\t\t\t<\/div>\n\t\t\t\t\t<\/div>\n\t\t<\/div>\n\t\t\t\t\t<\/div>\n\t\t<\/section>\n\t\t\t\t<\/div>\n\t\t","protected":false},"excerpt":{"rendered":"<p>Sais-tu ce que c&#8217;est, un loup?<br \/>\nEn as-tu rencontr\u00e9?<br \/>\nSais-tu qu&#8217;avant, il y a longtemps, il y avait des loups dans Paris?<br \/>\nQu&#8217;est-ce qu&#8217;un loup, en vrai?Et dans notre imaginaire?Dans nos images ?<\/p>\n","protected":false},"author":1,"featured_media":2168,"comment_status":"closed","ping_status":"closed","sticky":false,"template":"elementor_header_footer","format":"standard","meta":{"site-sidebar-layout":"default","site-content-layout":"default","ast-global-header-display":"","ast-banner-title-visibility":"","ast-main-header-display":"","ast-hfb-above-header-display":"","ast-hfb-below-header-display":"","ast-hfb-mobile-header-display":"","site-post-title":"","ast-breadcrumbs-content":"","ast-featured-img":"","footer-sml-layout":"","theme-transparent-header-meta":"","adv-header-id-meta":"","stick-header-meta":"","header-above-stick-meta":"","header-main-stick-meta":"","header-below-stick-meta":""},"categories":[64,48,66],"tags":[],"_links":{"self":[{"href":"https:\/\/etreshumainsprofessionnels.fr\/index.php\/wp-json\/wp\/v2\/posts\/922"}],"collection":[{"href":"https:\/\/etreshumainsprofessionnels.fr\/index.php\/wp-json\/wp\/v2\/posts"}],"about":[{"href":"https:\/\/etreshumainsprofessionnels.fr\/index.php\/wp-json\/wp\/v2\/types\/post"}],"author":[{"embeddable":true,"href":"https:\/\/etreshumainsprofessionnels.fr\/index.php\/wp-json\/wp\/v2\/users\/1"}],"replies":[{"embeddable":true,"href":"https:\/\/etreshumainsprofessionnels.fr\/index.php\/wp-json\/wp\/v2\/comments?post=922"}],"version-history":[{"count":27,"href":"https:\/\/etreshumainsprofessionnels.fr\/index.php\/wp-json\/wp\/v2\/posts\/922\/revisions"}],"predecessor-version":[{"id":2171,"href":"https:\/\/etreshumainsprofessionnels.fr\/index.php\/wp-json\/wp\/v2\/posts\/922\/revisions\/2171"}],"wp:featuredmedia":[{"embeddable":true,"href":"https:\/\/etreshumainsprofessionnels.fr\/index.php\/wp-json\/wp\/v2\/media\/2168"}],"wp:attachment":[{"href":"https:\/\/etreshumainsprofessionnels.fr\/index.php\/wp-json\/wp\/v2\/media?parent=922"}],"wp:term":[{"taxonomy":"category","embeddable":true,"href":"https:\/\/etreshumainsprofessionnels.fr\/index.php\/wp-json\/wp\/v2\/categories?post=922"},{"taxonomy":"post_tag","embeddable":true,"href":"https:\/\/etreshumainsprofessionnels.fr\/index.php\/wp-json\/wp\/v2\/tags?post=922"}],"curies":[{"name":"wp","href":"https:\/\/api.w.org\/{rel}","templated":true}]}}