{"id":859,"date":"2020-04-20T18:08:17","date_gmt":"2020-04-20T16:08:17","guid":{"rendered":"http:\/\/etreshumainsprofessionnels.fr\/?p=859"},"modified":"2023-06-08T12:38:43","modified_gmt":"2023-06-08T10:38:43","slug":"aimer-la-mer","status":"publish","type":"post","link":"https:\/\/etreshumainsprofessionnels.fr\/index.php\/2020\/04\/20\/aimer-la-mer\/","title":{"rendered":"Aimer la mer"},"content":{"rendered":"\t\t<div data-elementor-type=\"wp-post\" data-elementor-id=\"859\" class=\"elementor elementor-859\">\n\t\t\t\t\t\t<section class=\"elementor-section elementor-top-section elementor-element elementor-element-801351e elementor-section-boxed elementor-section-height-default elementor-section-height-default\" data-id=\"801351e\" data-element_type=\"section\">\n\t\t\t\t\t\t<div class=\"elementor-container elementor-column-gap-default\">\n\t\t\t\t\t<div class=\"elementor-column elementor-col-100 elementor-top-column elementor-element elementor-element-e8a6873\" data-id=\"e8a6873\" data-element_type=\"column\">\n\t\t\t<div class=\"elementor-widget-wrap elementor-element-populated\">\n\t\t\t\t\t\t<div class=\"elementor-element elementor-element-7a7f088 elementor-widget elementor-widget-spacer\" data-id=\"7a7f088\" data-element_type=\"widget\" data-widget_type=\"spacer.default\">\n\t\t\t\t<div class=\"elementor-widget-container\">\n\t\t\t\t\t<div class=\"elementor-spacer\">\n\t\t\t<div class=\"elementor-spacer-inner\"><\/div>\n\t\t<\/div>\n\t\t\t\t<\/div>\n\t\t\t\t<\/div>\n\t\t\t\t\t<\/div>\n\t\t<\/div>\n\t\t\t\t\t<\/div>\n\t\t<\/section>\n\t\t\t\t<section class=\"elementor-section elementor-top-section elementor-element elementor-element-638c862 elementor-section-boxed elementor-section-height-default elementor-section-height-default\" data-id=\"638c862\" data-element_type=\"section\">\n\t\t\t\t\t\t<div class=\"elementor-container elementor-column-gap-default\">\n\t\t\t\t\t<div class=\"elementor-column elementor-col-100 elementor-top-column elementor-element elementor-element-2b215e7\" data-id=\"2b215e7\" data-element_type=\"column\">\n\t\t\t<div class=\"elementor-widget-wrap elementor-element-populated\">\n\t\t\t\t\t\t<div class=\"elementor-element elementor-element-6470331 elementor-widget elementor-widget-heading\" data-id=\"6470331\" data-element_type=\"widget\" data-widget_type=\"heading.default\">\n\t\t\t\t<div class=\"elementor-widget-container\">\n\t\t\t<h3 class=\"elementor-heading-title elementor-size-large\">Aimer la mer<\/h3>\t\t<\/div>\n\t\t\t\t<\/div>\n\t\t\t\t\t<\/div>\n\t\t<\/div>\n\t\t\t\t\t<\/div>\n\t\t<\/section>\n\t\t\t\t<section class=\"elementor-section elementor-top-section elementor-element elementor-element-0811ed2 elementor-section-boxed elementor-section-height-default elementor-section-height-default\" data-id=\"0811ed2\" data-element_type=\"section\">\n\t\t\t\t\t\t<div class=\"elementor-container elementor-column-gap-default\">\n\t\t\t\t\t<div class=\"elementor-column elementor-col-66 elementor-top-column elementor-element elementor-element-67659fd\" data-id=\"67659fd\" data-element_type=\"column\">\n\t\t\t<div class=\"elementor-widget-wrap elementor-element-populated\">\n\t\t\t\t\t\t<div class=\"elementor-element elementor-element-91da491 elementor-widget elementor-widget-text-editor\" data-id=\"91da491\" data-element_type=\"widget\" data-widget_type=\"text-editor.default\">\n\t\t\t\t<div class=\"elementor-widget-container\">\n\t\t\t\t\t\t\t<div><p>Notre objectif, pour chacun des ateliers que nous imaginons, est d\u2019encourager le public a\u0300 utiliser les me\u0302mes vecteurs que les artistes : la litte\u0301rature, la musique, la peinture, le the\u0301a\u0302tre, la photo, etc\u2026 en l\u2019associant a\u0300 une pratique de notre vie quotidienne, afin de trouver, retrouver ou enrichir le lien unissant les arts a\u0300 notre vie de tous les jours.<\/p><p>Pour \u00abAimer la mer\u00bb le partenariat avec l\u2019association \u00ab Les mille plateaux \u00bb s\u2019est impose\u0301 naturellement. L\u2019ide\u0301e est d\u2019allier le gou\u0302t de la litte\u0301rature et de la musique au gou\u0302t des aliments issu du milieu marin.<\/p><p>Cet atelier propose aux enfants et aux adultes de lire a\u0300 voix haute des textes et de chanter des chansons sur le the\u0300me de la mer, de manie\u0300re collective et ludique, de dessiner et de peindre\u00a0en menant paralle\u0300lement une sensibilisation au gou\u0302t et a\u0300 la situation e\u0301cologique de la mer par la de\u0301couverte de produits marins. Quel gou\u0302t a la mer ?<\/p><p>Livres lus :<br \/>\u00ab Une histoire sans de\u0301but ni fin \u00bb Andrej Alekseevic Usacev<br \/>\u00ab Quelque chose de grand \u00bb Sylvie Neeman et Ingrid Godon<br \/>\u00ab La mer \u00bb Jules Michelet<br \/>\u00ab Le requin et la mouette\u00bb Rene\u0301 Char<br \/>\u00abLa mer \u00bb Marcel Proust<\/p><p>Chansons :<br \/><span style=\"font-size: 1em;\">\u00ab Tri martolod \u00bb traditionnel adapte\u0301 par Alan Stivell<br \/><\/span><span style=\"font-size: 1em;\">Chansons de marins<br \/><\/span><span style=\"font-size: 1em;\">\u00ab Splaoutch\u00bb \u00abDes voiliers\u00bb Claude Nougaro<\/span><\/p><\/div>\t\t\t\t\t\t<\/div>\n\t\t\t\t<\/div>\n\t\t\t\t\t<\/div>\n\t\t<\/div>\n\t\t\t\t<div class=\"elementor-column elementor-col-33 elementor-top-column elementor-element elementor-element-5eadf26\" data-id=\"5eadf26\" data-element_type=\"column\">\n\t\t\t<div class=\"elementor-widget-wrap elementor-element-populated\">\n\t\t\t\t\t\t<div class=\"elementor-element elementor-element-feea7db elementor-widget elementor-widget-image\" data-id=\"feea7db\" data-element_type=\"widget\" data-widget_type=\"image.default\">\n\t\t\t\t<div class=\"elementor-widget-container\">\n\t\t\t\t\t\t\t\t\t\t\t\t\t<img fetchpriority=\"high\" decoding=\"async\" width=\"1021\" height=\"1024\" src=\"https:\/\/etreshumainsprofessionnels.fr\/wp-content\/uploads\/2018\/09\/lechelledepippo2-1021x1024.jpg\" class=\"attachment-large size-large wp-image-592\" alt=\"\" srcset=\"https:\/\/etreshumainsprofessionnels.fr\/wp-content\/uploads\/2018\/09\/lechelledepippo2-1021x1024.jpg 1021w, https:\/\/etreshumainsprofessionnels.fr\/wp-content\/uploads\/2018\/09\/lechelledepippo2-150x150.jpg 150w, https:\/\/etreshumainsprofessionnels.fr\/wp-content\/uploads\/2018\/09\/lechelledepippo2-300x300.jpg 300w, https:\/\/etreshumainsprofessionnels.fr\/wp-content\/uploads\/2018\/09\/lechelledepippo2-768x770.jpg 768w, https:\/\/etreshumainsprofessionnels.fr\/wp-content\/uploads\/2018\/09\/lechelledepippo2-1080x1083.jpg 1080w\" sizes=\"(max-width: 1021px) 100vw, 1021px\" \/>\t\t\t\t\t\t\t\t\t\t\t\t\t<\/div>\n\t\t\t\t<\/div>\n\t\t\t\t\t<\/div>\n\t\t<\/div>\n\t\t\t\t\t<\/div>\n\t\t<\/section>\n\t\t\t\t<section class=\"elementor-section elementor-top-section elementor-element elementor-element-ace5739 elementor-section-boxed elementor-section-height-default elementor-section-height-default\" data-id=\"ace5739\" data-element_type=\"section\">\n\t\t\t\t\t\t<div class=\"elementor-container elementor-column-gap-default\">\n\t\t\t\t\t<div class=\"elementor-column elementor-col-100 elementor-top-column elementor-element elementor-element-d4c0908\" data-id=\"d4c0908\" data-element_type=\"column\">\n\t\t\t<div class=\"elementor-widget-wrap elementor-element-populated\">\n\t\t\t\t\t\t<div class=\"elementor-element elementor-element-d4765bf elementor-widget elementor-widget-heading\" data-id=\"d4765bf\" data-element_type=\"widget\" data-widget_type=\"heading.default\">\n\t\t\t\t<div class=\"elementor-widget-container\">\n\t\t\t<h2 class=\"elementor-heading-title elementor-size-large\">Qui ? Quand ? O\u00f9 ?<\/h2>\t\t<\/div>\n\t\t\t\t<\/div>\n\t\t\t\t\t<\/div>\n\t\t<\/div>\n\t\t\t\t\t<\/div>\n\t\t<\/section>\n\t\t\t\t<section class=\"elementor-section elementor-top-section elementor-element elementor-element-00cf9c6 elementor-section-boxed elementor-section-height-default elementor-section-height-default\" data-id=\"00cf9c6\" data-element_type=\"section\">\n\t\t\t\t\t\t<div class=\"elementor-container elementor-column-gap-default\">\n\t\t\t\t\t<div class=\"elementor-column elementor-col-66 elementor-top-column elementor-element elementor-element-b082799\" data-id=\"b082799\" data-element_type=\"column\">\n\t\t\t<div class=\"elementor-widget-wrap elementor-element-populated\">\n\t\t\t\t\t\t<div class=\"elementor-element elementor-element-3ba99be elementor-widget elementor-widget-text-editor\" data-id=\"3ba99be\" data-element_type=\"widget\" data-widget_type=\"text-editor.default\">\n\t\t\t\t<div class=\"elementor-widget-container\">\n\t\t\t\t\t\t\t<p>Des adultes et des enfants ont lu, peint, enregistr\u00e9, fait la cuisine et go\u00fbt\u00e9 des plats marins sans animaux dedans\u00a0 (si si c&#8217;est possible!).<\/p><p>Cyran\u00e9, Rodrigue, Sokhona, Julia, Almamy, Papadame, Makhtar, Khadim, Madibou&#8230;.<\/p><p>Certaines et certains d&#8217;entre eux n&#8217;avaient jamais vu la mer. Elles et ils y sont all\u00e9s. Merci \u00e0 la mairie et \u00e0 l&#8217;office de tourisme de Fontenay Sous Bois!<\/p><p><strong>\/\/\/ Fontenay-sous-Bois<\/strong><\/p><p>&gt; Juillet 2019 : Lecture et d\u00e9gustation en plein air aux Mille Plateaux.<br \/>&gt; Septembre 2018 \u00e0 juin 2019 Tous les mercredi apr\u00e8s midi : espace citoyen du quartier de la Redoute.<br \/>&gt; Juillet 2018 : Ateliers lecture\/dessins avec la m\u00e9diath\u00e8que. Festival d\u2019\u00e9t\u00e9 &#8220;Fontenay Sous Soleil&#8221; .<\/p>\t\t\t\t\t\t<\/div>\n\t\t\t\t<\/div>\n\t\t\t\t\t<\/div>\n\t\t<\/div>\n\t\t\t\t<div class=\"elementor-column elementor-col-33 elementor-top-column elementor-element elementor-element-ee45c83\" data-id=\"ee45c83\" data-element_type=\"column\">\n\t\t\t<div class=\"elementor-widget-wrap elementor-element-populated\">\n\t\t\t\t\t\t<div class=\"elementor-element elementor-element-efd9c15 elementor-widget elementor-widget-text-editor\" data-id=\"efd9c15\" data-element_type=\"widget\" data-widget_type=\"text-editor.default\">\n\t\t\t\t<div class=\"elementor-widget-container\">\n\t\t\t\t\t\t\t<p><strong>\/\/\/ Calais<\/strong><\/p><p>Aout 2019 : Enregistrement de cartes postales sonores avec les Calaisiens.<\/p><p><strong>Les cartes postales sonores : <br \/><\/strong>R\u00e9alis\u00e9s avec des publics de tous \u00e2ges, ces brefs enregistrements de moins de deux minutes permettent aux participants de s&#8217;initier aux contraintes de l&#8217;enregistrement, d&#8217;avoir une trace de leur travail et de pouvoir l&#8217;envoyer \u00e0 toute personne de leur choix!<\/p><p>Textes de Marcel Proust, Sylvie Neeman, Jules Michelet&#8230;<br \/>Musiques de Chet Baker, Claude Debussy, Ismael Lo&#8230;<br \/>Sons d&#8217;animaux marins et de vagues.<\/p><p><strong>Intervenants <\/strong>: Mara Widcoq et Michel Aymard<br \/><strong>Montage sonore :<\/strong> Timoth\u00e9e Bost.<\/p>\t\t\t\t\t\t<\/div>\n\t\t\t\t<\/div>\n\t\t\t\t\t<\/div>\n\t\t<\/div>\n\t\t\t\t\t<\/div>\n\t\t<\/section>\n\t\t\t\t<section class=\"elementor-section elementor-top-section elementor-element elementor-element-7f27557 elementor-section-boxed elementor-section-height-default elementor-section-height-default\" data-id=\"7f27557\" data-element_type=\"section\">\n\t\t\t\t\t\t<div class=\"elementor-container elementor-column-gap-default\">\n\t\t\t\t\t<div class=\"elementor-column elementor-col-66 elementor-top-column elementor-element elementor-element-9cabe7f\" data-id=\"9cabe7f\" data-element_type=\"column\">\n\t\t\t<div class=\"elementor-widget-wrap elementor-element-populated\">\n\t\t\t\t\t\t<div class=\"elementor-element elementor-element-817f5cf elementor-widget elementor-widget-text-editor\" data-id=\"817f5cf\" data-element_type=\"widget\" data-widget_type=\"text-editor.default\">\n\t\t\t\t<div class=\"elementor-widget-container\">\n\t\t\t\t\t\t\t<iframe width=\"100%\" height=\"300\" scrolling=\"no\" frameborder=\"no\" allow=\"autoplay\" src=\"https:\/\/w.soundcloud.com\/player\/?url=https%3A\/\/api.soundcloud.com\/playlists\/1036924111&#038;color=%23ff5500&#038;auto_play=false&#038;hide_related=false&#038;show_comments=true&#038;show_user=true&#038;show_reposts=false&#038;show_teaser=true&#038;visual=true\"><\/iframe>\t\t\t\t\t\t<\/div>\n\t\t\t\t<\/div>\n\t\t\t\t\t<\/div>\n\t\t<\/div>\n\t\t\t\t<div class=\"elementor-column elementor-col-33 elementor-top-column elementor-element elementor-element-343da73\" data-id=\"343da73\" data-element_type=\"column\">\n\t\t\t<div class=\"elementor-widget-wrap\">\n\t\t\t\t\t\t\t<\/div>\n\t\t<\/div>\n\t\t\t\t\t<\/div>\n\t\t<\/section>\n\t\t\t\t<\/div>\n\t\t","protected":false},"excerpt":{"rendered":"<p>Cet atelier propose aux enfants et aux adultes de lire \u00e0 voix haute des textes et de chanter des chansons sur le th\u00e8me de la mer, de mani\u00e8re collective et ludique, en menant parall\u00e8lement une sensibilisation au go\u00fbt et \u00e0 la situation \u00e9cologique de la mer par la d\u00e9couverte de produits marins. Quel go\u00fbt a la mer ?<\/p>\n","protected":false},"author":1,"featured_media":592,"comment_status":"closed","ping_status":"closed","sticky":false,"template":"elementor_header_footer","format":"standard","meta":{"site-sidebar-layout":"default","site-content-layout":"default","ast-global-header-display":"","ast-banner-title-visibility":"","ast-main-header-display":"","ast-hfb-above-header-display":"","ast-hfb-below-header-display":"","ast-hfb-mobile-header-display":"","site-post-title":"","ast-breadcrumbs-content":"","ast-featured-img":"","footer-sml-layout":"","theme-transparent-header-meta":"","adv-header-id-meta":"","stick-header-meta":"","header-above-stick-meta":"","header-main-stick-meta":"","header-below-stick-meta":""},"categories":[64,47,48,66],"tags":[46],"_links":{"self":[{"href":"https:\/\/etreshumainsprofessionnels.fr\/index.php\/wp-json\/wp\/v2\/posts\/859"}],"collection":[{"href":"https:\/\/etreshumainsprofessionnels.fr\/index.php\/wp-json\/wp\/v2\/posts"}],"about":[{"href":"https:\/\/etreshumainsprofessionnels.fr\/index.php\/wp-json\/wp\/v2\/types\/post"}],"author":[{"embeddable":true,"href":"https:\/\/etreshumainsprofessionnels.fr\/index.php\/wp-json\/wp\/v2\/users\/1"}],"replies":[{"embeddable":true,"href":"https:\/\/etreshumainsprofessionnels.fr\/index.php\/wp-json\/wp\/v2\/comments?post=859"}],"version-history":[{"count":19,"href":"https:\/\/etreshumainsprofessionnels.fr\/index.php\/wp-json\/wp\/v2\/posts\/859\/revisions"}],"predecessor-version":[{"id":2549,"href":"https:\/\/etreshumainsprofessionnels.fr\/index.php\/wp-json\/wp\/v2\/posts\/859\/revisions\/2549"}],"wp:featuredmedia":[{"embeddable":true,"href":"https:\/\/etreshumainsprofessionnels.fr\/index.php\/wp-json\/wp\/v2\/media\/592"}],"wp:attachment":[{"href":"https:\/\/etreshumainsprofessionnels.fr\/index.php\/wp-json\/wp\/v2\/media?parent=859"}],"wp:term":[{"taxonomy":"category","embeddable":true,"href":"https:\/\/etreshumainsprofessionnels.fr\/index.php\/wp-json\/wp\/v2\/categories?post=859"},{"taxonomy":"post_tag","embeddable":true,"href":"https:\/\/etreshumainsprofessionnels.fr\/index.php\/wp-json\/wp\/v2\/tags?post=859"}],"curies":[{"name":"wp","href":"https:\/\/api.w.org\/{rel}","templated":true}]}}