{"id":2978,"date":"2024-06-03T14:39:37","date_gmt":"2024-06-03T12:39:37","guid":{"rendered":"https:\/\/etreshumainsprofessionnels.fr\/?p=2978"},"modified":"2025-12-17T12:21:46","modified_gmt":"2025-12-17T11:21:46","slug":"festival-des-cabanes-2024","status":"publish","type":"post","link":"https:\/\/etreshumainsprofessionnels.fr\/index.php\/2024\/06\/03\/festival-des-cabanes-2024\/","title":{"rendered":"Festival des Cabanes 2024"},"content":{"rendered":"\t\t<div data-elementor-type=\"wp-post\" data-elementor-id=\"2978\" class=\"elementor elementor-2978\">\n\t\t\t\t\t\t<section class=\"elementor-section elementor-top-section elementor-element elementor-element-801351e elementor-section-boxed elementor-section-height-default elementor-section-height-default\" data-id=\"801351e\" data-element_type=\"section\">\n\t\t\t\t\t\t<div class=\"elementor-container elementor-column-gap-default\">\n\t\t\t\t\t<div class=\"elementor-column elementor-col-100 elementor-top-column elementor-element elementor-element-e8a6873\" data-id=\"e8a6873\" data-element_type=\"column\">\n\t\t\t<div class=\"elementor-widget-wrap elementor-element-populated\">\n\t\t\t\t\t\t<div class=\"elementor-element elementor-element-7a7f088 elementor-widget elementor-widget-spacer\" data-id=\"7a7f088\" data-element_type=\"widget\" data-widget_type=\"spacer.default\">\n\t\t\t\t<div class=\"elementor-widget-container\">\n\t\t\t\t\t<div class=\"elementor-spacer\">\n\t\t\t<div class=\"elementor-spacer-inner\"><\/div>\n\t\t<\/div>\n\t\t\t\t<\/div>\n\t\t\t\t<\/div>\n\t\t\t\t\t<\/div>\n\t\t<\/div>\n\t\t\t\t\t<\/div>\n\t\t<\/section>\n\t\t\t\t<section class=\"elementor-section elementor-top-section elementor-element elementor-element-f4dfc21 elementor-section-boxed elementor-section-height-default elementor-section-height-default\" data-id=\"f4dfc21\" data-element_type=\"section\">\n\t\t\t\t\t\t<div class=\"elementor-container elementor-column-gap-default\">\n\t\t\t\t\t<div class=\"elementor-column elementor-col-100 elementor-top-column elementor-element elementor-element-bfebc15\" data-id=\"bfebc15\" data-element_type=\"column\">\n\t\t\t<div class=\"elementor-widget-wrap elementor-element-populated\">\n\t\t\t\t\t\t<div class=\"elementor-element elementor-element-dbd1e5b elementor-widget elementor-widget-heading\" data-id=\"dbd1e5b\" data-element_type=\"widget\" data-widget_type=\"heading.default\">\n\t\t\t\t<div class=\"elementor-widget-container\">\n\t\t\t<h3 class=\"elementor-heading-title elementor-size-large\">Programme du festival des Cabanes, du 28 juin au 6  juillet 2024<\/h3>\t\t<\/div>\n\t\t\t\t<\/div>\n\t\t\t\t\t<\/div>\n\t\t<\/div>\n\t\t\t\t\t<\/div>\n\t\t<\/section>\n\t\t\t\t<section class=\"elementor-section elementor-top-section elementor-element elementor-element-7806a43 elementor-section-boxed elementor-section-height-default elementor-section-height-default\" data-id=\"7806a43\" data-element_type=\"section\">\n\t\t\t\t\t\t<div class=\"elementor-container elementor-column-gap-default\">\n\t\t\t\t\t<div class=\"elementor-column elementor-col-100 elementor-top-column elementor-element elementor-element-defb1bc\" data-id=\"defb1bc\" data-element_type=\"column\">\n\t\t\t<div class=\"elementor-widget-wrap elementor-element-populated\">\n\t\t\t\t\t\t<div class=\"elementor-element elementor-element-50a9129 elementor-widget elementor-widget-image\" data-id=\"50a9129\" data-element_type=\"widget\" data-widget_type=\"image.default\">\n\t\t\t\t<div class=\"elementor-widget-container\">\n\t\t\t\t\t\t\t\t\t\t\t\t\t<img fetchpriority=\"high\" decoding=\"async\" width=\"1024\" height=\"675\" src=\"https:\/\/etreshumainsprofessionnels.fr\/wp-content\/uploads\/2024\/06\/Capture-decran-2024-06-20-a-11.02.03-1024x675.png\" class=\"attachment-large size-large wp-image-3017\" alt=\"\" srcset=\"https:\/\/etreshumainsprofessionnels.fr\/wp-content\/uploads\/2024\/06\/Capture-decran-2024-06-20-a-11.02.03-1024x675.png 1024w, https:\/\/etreshumainsprofessionnels.fr\/wp-content\/uploads\/2024\/06\/Capture-decran-2024-06-20-a-11.02.03-300x198.png 300w, https:\/\/etreshumainsprofessionnels.fr\/wp-content\/uploads\/2024\/06\/Capture-decran-2024-06-20-a-11.02.03-768x506.png 768w, https:\/\/etreshumainsprofessionnels.fr\/wp-content\/uploads\/2024\/06\/Capture-decran-2024-06-20-a-11.02.03-1536x1013.png 1536w, https:\/\/etreshumainsprofessionnels.fr\/wp-content\/uploads\/2024\/06\/Capture-decran-2024-06-20-a-11.02.03-2048x1351.png 2048w\" sizes=\"(max-width: 1024px) 100vw, 1024px\" \/>\t\t\t\t\t\t\t\t\t\t\t\t\t<\/div>\n\t\t\t\t<\/div>\n\t\t\t\t\t<\/div>\n\t\t<\/div>\n\t\t\t\t\t<\/div>\n\t\t<\/section>\n\t\t\t\t<section class=\"elementor-section elementor-top-section elementor-element elementor-element-315369a elementor-section-boxed elementor-section-height-default elementor-section-height-default\" data-id=\"315369a\" data-element_type=\"section\">\n\t\t\t\t\t\t<div class=\"elementor-container elementor-column-gap-default\">\n\t\t\t\t\t<div class=\"elementor-column elementor-col-100 elementor-top-column elementor-element elementor-element-5138a55\" data-id=\"5138a55\" data-element_type=\"column\">\n\t\t\t<div class=\"elementor-widget-wrap elementor-element-populated\">\n\t\t\t\t\t\t<div class=\"elementor-element elementor-element-cb88ab5 elementor-widget elementor-widget-text-editor\" data-id=\"cb88ab5\" data-element_type=\"widget\" data-widget_type=\"text-editor.default\">\n\t\t\t\t<div class=\"elementor-widget-container\">\n\t\t\t\t\t\t\t<p>Nous habitons ou\u0300 ? Un quartier ? Fontenay Sous Bois ? Le monde ? La plane\u0300te ? De\u0300s le de\u0301but de l\u2019e\u0301te\u0301, Le <i>festival des cabanes<\/i> habite au quartier de la Redoute.<\/p>\n<p>Au d\u00e9but de chaque \u00e9t\u00e9, les cabanes reviennent, construites par les habitant.es du quartier et les artistes du collectif Les \u00catres humains professionnels.<br><\/p>\n<div>Ouvertes \u00e0 tous et toutes, adultes et enfants, les cabanes abritent tous les apr\u00e8s-midi des ateliers :&nbsp; th\u00e9\u00e2tre, dessin et illustration, des r\u00e9cits sur l&#8217;histoire du quartier, des rencontres d&#8217;habitant.es, des gouters musicaux&#8230;<\/div>\n<div>Les jours d&#8217;\u00e9cole, il y aura Classe \u00e0 la Cabane : ateliers photo, danse au ralenti, ateliers &#8220;je r\u00eave d&#8217;habiter&#8221;&#8230; A la sortie de l&#8217;\u00e9cole, il y aura des performances artistiques, des ateliers surprises. <br><\/div>\n<p>Et le soir ? Des repas partag\u00e9s, des moments conviviaux. Des spectacles aussi : concerts de musique du monde, danse.<br><\/p>\n<p>Les cabanes sont \u00e0 votre disposition. Les association pourront y proposer leur activit\u00e9s. <br><\/p>\n<p>Depuis l&#8217;enfance, la Cabane est un v\u00e9hicule pour nos voyages imaginaires, notre plaisir de jouer, de b\u00e2tir pour ressentir !<br><\/p>\n<div><br><\/div>\n<p><strong>Du 28 juin au 6 juillet 2024<br>Infos et inscriptions : 0619943822 (Michel), sur <a href=\"https:\/\/www.facebook.com\/lesetreshumainsprofessionnels\">facebook<\/a> .<br><\/strong><\/p>\t\t\t\t\t\t<\/div>\n\t\t\t\t<\/div>\n\t\t\t\t\t<\/div>\n\t\t<\/div>\n\t\t\t\t\t<\/div>\n\t\t<\/section>\n\t\t\t\t<section class=\"elementor-section elementor-top-section elementor-element elementor-element-03d5864 elementor-section-boxed elementor-section-height-default elementor-section-height-default\" data-id=\"03d5864\" data-element_type=\"section\">\n\t\t\t\t\t\t<div class=\"elementor-container elementor-column-gap-default\">\n\t\t\t\t\t<div class=\"elementor-column elementor-col-100 elementor-top-column elementor-element elementor-element-c6afcc7\" data-id=\"c6afcc7\" data-element_type=\"column\">\n\t\t\t<div class=\"elementor-widget-wrap elementor-element-populated\">\n\t\t\t\t\t\t<div class=\"elementor-element elementor-element-f154b28 elementor-widget elementor-widget-spacer\" data-id=\"f154b28\" data-element_type=\"widget\" data-widget_type=\"spacer.default\">\n\t\t\t\t<div class=\"elementor-widget-container\">\n\t\t\t\t\t<div class=\"elementor-spacer\">\n\t\t\t<div class=\"elementor-spacer-inner\"><\/div>\n\t\t<\/div>\n\t\t\t\t<\/div>\n\t\t\t\t<\/div>\n\t\t\t\t\t<\/div>\n\t\t<\/div>\n\t\t\t\t\t<\/div>\n\t\t<\/section>\n\t\t\t\t<\/div>\n\t\t","protected":false},"excerpt":{"rendered":"<p>Tout frais tout beau, le programme du festival des Cabanes. Du 23 juin au 7 juillet 2023.<\/p>\n","protected":false},"author":1,"featured_media":2971,"comment_status":"closed","ping_status":"closed","sticky":false,"template":"elementor_header_footer","format":"standard","meta":{"site-sidebar-layout":"default","site-content-layout":"default","ast-global-header-display":"","ast-banner-title-visibility":"","ast-main-header-display":"","ast-hfb-above-header-display":"","ast-hfb-below-header-display":"","ast-hfb-mobile-header-display":"","site-post-title":"","ast-breadcrumbs-content":"","ast-featured-img":"","footer-sml-layout":"","theme-transparent-header-meta":"default","adv-header-id-meta":"","stick-header-meta":"","header-above-stick-meta":"","header-main-stick-meta":"","header-below-stick-meta":""},"categories":[64,56,67],"tags":[76],"_links":{"self":[{"href":"https:\/\/etreshumainsprofessionnels.fr\/index.php\/wp-json\/wp\/v2\/posts\/2978"}],"collection":[{"href":"https:\/\/etreshumainsprofessionnels.fr\/index.php\/wp-json\/wp\/v2\/posts"}],"about":[{"href":"https:\/\/etreshumainsprofessionnels.fr\/index.php\/wp-json\/wp\/v2\/types\/post"}],"author":[{"embeddable":true,"href":"https:\/\/etreshumainsprofessionnels.fr\/index.php\/wp-json\/wp\/v2\/users\/1"}],"replies":[{"embeddable":true,"href":"https:\/\/etreshumainsprofessionnels.fr\/index.php\/wp-json\/wp\/v2\/comments?post=2978"}],"version-history":[{"count":18,"href":"https:\/\/etreshumainsprofessionnels.fr\/index.php\/wp-json\/wp\/v2\/posts\/2978\/revisions"}],"predecessor-version":[{"id":3020,"href":"https:\/\/etreshumainsprofessionnels.fr\/index.php\/wp-json\/wp\/v2\/posts\/2978\/revisions\/3020"}],"wp:featuredmedia":[{"embeddable":true,"href":"https:\/\/etreshumainsprofessionnels.fr\/index.php\/wp-json\/wp\/v2\/media\/2971"}],"wp:attachment":[{"href":"https:\/\/etreshumainsprofessionnels.fr\/index.php\/wp-json\/wp\/v2\/media?parent=2978"}],"wp:term":[{"taxonomy":"category","embeddable":true,"href":"https:\/\/etreshumainsprofessionnels.fr\/index.php\/wp-json\/wp\/v2\/categories?post=2978"},{"taxonomy":"post_tag","embeddable":true,"href":"https:\/\/etreshumainsprofessionnels.fr\/index.php\/wp-json\/wp\/v2\/tags?post=2978"}],"curies":[{"name":"wp","href":"https:\/\/api.w.org\/{rel}","templated":true}]}}