{"id":2550,"date":"2021-06-08T13:04:55","date_gmt":"2021-06-08T11:04:55","guid":{"rendered":"https:\/\/etreshumainsprofessionnels.fr\/?p=2550"},"modified":"2023-10-07T10:59:06","modified_gmt":"2023-10-07T08:59:06","slug":"vers-vous-les-etoiles","status":"publish","type":"post","link":"https:\/\/etreshumainsprofessionnels.fr\/index.php\/2021\/06\/08\/vers-vous-les-etoiles\/","title":{"rendered":"Vers vous les \u00e9toiles"},"content":{"rendered":"\t\t<div data-elementor-type=\"wp-post\" data-elementor-id=\"2550\" class=\"elementor elementor-2550\">\n\t\t\t\t\t\t<section class=\"elementor-section elementor-top-section elementor-element elementor-element-801351e elementor-section-boxed elementor-section-height-default elementor-section-height-default\" data-id=\"801351e\" data-element_type=\"section\">\n\t\t\t\t\t\t<div class=\"elementor-container elementor-column-gap-default\">\n\t\t\t\t\t<div class=\"elementor-column elementor-col-100 elementor-top-column elementor-element elementor-element-e8a6873\" data-id=\"e8a6873\" data-element_type=\"column\">\n\t\t\t<div class=\"elementor-widget-wrap elementor-element-populated\">\n\t\t\t\t\t\t<div class=\"elementor-element elementor-element-7a7f088 elementor-widget elementor-widget-spacer\" data-id=\"7a7f088\" data-element_type=\"widget\" data-widget_type=\"spacer.default\">\n\t\t\t\t<div class=\"elementor-widget-container\">\n\t\t\t\t\t<div class=\"elementor-spacer\">\n\t\t\t<div class=\"elementor-spacer-inner\"><\/div>\n\t\t<\/div>\n\t\t\t\t<\/div>\n\t\t\t\t<\/div>\n\t\t\t\t\t<\/div>\n\t\t<\/div>\n\t\t\t\t\t<\/div>\n\t\t<\/section>\n\t\t\t\t<section class=\"elementor-section elementor-top-section elementor-element elementor-element-638c862 elementor-section-boxed elementor-section-height-default elementor-section-height-default\" data-id=\"638c862\" data-element_type=\"section\">\n\t\t\t\t\t\t<div class=\"elementor-container elementor-column-gap-default\">\n\t\t\t\t\t<div class=\"elementor-column elementor-col-100 elementor-top-column elementor-element elementor-element-2b215e7\" data-id=\"2b215e7\" data-element_type=\"column\">\n\t\t\t<div class=\"elementor-widget-wrap elementor-element-populated\">\n\t\t\t\t\t\t<div class=\"elementor-element elementor-element-6470331 elementor-widget elementor-widget-heading\" data-id=\"6470331\" data-element_type=\"widget\" data-widget_type=\"heading.default\">\n\t\t\t\t<div class=\"elementor-widget-container\">\n\t\t\t<h3 class=\"elementor-heading-title elementor-size-large\">Vers vous les \u00e9toiles<\/h3>\t\t<\/div>\n\t\t\t\t<\/div>\n\t\t\t\t\t<\/div>\n\t\t<\/div>\n\t\t\t\t\t<\/div>\n\t\t<\/section>\n\t\t\t\t<section class=\"elementor-section elementor-top-section elementor-element elementor-element-0811ed2 elementor-section-boxed elementor-section-height-default elementor-section-height-default\" data-id=\"0811ed2\" data-element_type=\"section\">\n\t\t\t\t\t\t<div class=\"elementor-container elementor-column-gap-default\">\n\t\t\t\t\t<div class=\"elementor-column elementor-col-66 elementor-top-column elementor-element elementor-element-67659fd\" data-id=\"67659fd\" data-element_type=\"column\">\n\t\t\t<div class=\"elementor-widget-wrap elementor-element-populated\">\n\t\t\t\t\t\t<div class=\"elementor-element elementor-element-c8d81bc elementor-widget elementor-widget-text-editor\" data-id=\"c8d81bc\" data-element_type=\"widget\" data-widget_type=\"text-editor.default\">\n\t\t\t\t<div class=\"elementor-widget-container\">\n\t\t\t\t\t\t\t<div><p>Notre objectif, pour chacun des ateliers que nous imaginons, est d\u2019encourager le public a\u0300 utiliser les me\u0302mes vecteurs que les artistes : la litte\u0301rature, la musique, la peinture, le the\u0301a\u0302tre, la photo, etc\u2026 en l\u2019associant a\u0300 une pratique de notre vie quotidienne, afin de trouver, retrouver ou enrichir le lien unissant les arts a\u0300 notre vie de tous les jours.<\/p><div class=\"page\" title=\"Page 1\"><div class=\"layoutArea\"><div class=\"column\"><p>Ce sont des ateliers de lecture a\u0300 voix haute, associe\u0301 a\u0300 une autre pratique culturelle : peinture, dessin, musique, cuisine, enregistrements, etc&#8230;<\/p><div class=\"page\" title=\"Page 1\"><div class=\"layoutArea\"><div class=\"column\"><h5>Programme de l&#8217;atelier<\/h5><p>Nous avons poursuivi notre the\u0300me : &#8221;Que chante la nature?&#8221; avec cette fois ci les e\u0301toiles. Que voit-on des e\u0301toiles ? Que sait on des e\u0301toiles ?<\/p><p>Nous avons commence\u0301 l&#8217;atelier de lecture a\u0300 voix haute par une approche scientifique : photos, articles. Nous avons e\u0301coute\u0301 des sons d&#8217;e\u0301toiles retranscrit par le scientifique Jean Pierre Luminet. Nous avons regarde\u0301 comment les e\u0301toiles e\u0301taient aborde\u0301es dans la peinture : la nuit e\u0301toile\u0301e de Van Gogh, par exemple.<\/p><p>Nous avons aborde\u0301 ensuite, l&#8217;aspect poe\u0301tique : chansons, poe\u0300mes&#8230; Arthur Rimbaud notamment, lu a\u0300 plusieurs voix.<\/p><p>Pour la premie\u0300re fois cette anne\u0301e, nous avons essaye\u0301 la musique : Fernanda Primo, guitariste et enseignante de la musique a participe\u0301 a\u0300 l&#8217;atelier.<br \/>Plusieurs enfants l&#8217;avaient vu jouer cet e\u0301te\u0301, puisque Fernanda e\u0301tait une artiste invite\u0301e du projet &#8221;Habiter Habite\u0301-es \/ Les Cabanes&#8221;. Sa pre\u0301sence a e\u0301te\u0301 d&#8217;autant plus appre\u0301cie\u0301e.<\/p><p>Fernanda accompagnait les enfants pendant qu&#8217;ils et elles lisaient a\u0300 voix haute. Cela a vraiment bien fonctionne\u0301 : la musique rendaient les pauses et respirations dans la lecture comple\u0300tement naturelles. Cette expe\u0301rience est a\u0300 renouveler.<\/p><\/div><\/div><\/div><div class=\"page\" title=\"Page 2\"><div class=\"layoutArea\"><div class=\"column\"><p>Un jeune magicien est e\u0301galement intervenu, et nous a parle\u0301 de la distance et de la lumie\u0300re. Comment se fait-il que l&#8217;on voit encore des e\u0301toiles disparues? Il nous a explique\u0301 que beaucoup de tours de magie se servent de ces notions.<\/p><h4>Evolution du programme<\/h4><p>Nous avons fait appel a\u0300 des intervenants, qui ont apporte\u0301 a\u0300 chaque fois quelque chose de spe\u0301cifique.<br \/>Ainsi, l&#8217;atelier qui pre\u0301voyait une activite\u0301 peinte et dessine\u0301e a pluto\u0302t pris une direction musicale et the\u0301a\u0302trale.<\/p><p>Pour la premie\u0300re fois, les enfants ont clairement e\u0301mis un de\u0301sir de jeu the\u0301a\u0302tral.<br \/>Pour la premie\u0300re fois aussi, ils et elles ont parfois amene\u0301 des livres qu&#8217;ils et elles aiment. Nous en avons lu des passages a\u0300 voix haute.<\/p><\/div><\/div><\/div><\/div><\/div><\/div><\/div>\t\t\t\t\t\t<\/div>\n\t\t\t\t<\/div>\n\t\t\t\t\t<\/div>\n\t\t<\/div>\n\t\t\t\t<div class=\"elementor-column elementor-col-33 elementor-top-column elementor-element elementor-element-5eadf26\" data-id=\"5eadf26\" data-element_type=\"column\" data-settings=\"{&quot;background_background&quot;:&quot;classic&quot;}\">\n\t\t\t<div class=\"elementor-widget-wrap elementor-element-populated\">\n\t\t\t\t\t\t<div class=\"elementor-element elementor-element-91da491 elementor-widget elementor-widget-text-editor\" data-id=\"91da491\" data-element_type=\"widget\" data-widget_type=\"text-editor.default\">\n\t\t\t\t<div class=\"elementor-widget-container\">\n\t\t\t\t\t\t\t<div><div class=\"page\" title=\"Page 1\"><div class=\"layoutArea\"><div class=\"column\"><div class=\"page\" title=\"Page 2\"><div class=\"layoutArea\"><div class=\"column\"><p><span style=\"text-decoration: underline;\">Be\u0301ne\u0301ficiaires<\/span> : 25 enfants et jeunes.<br \/>\u2013 1 enfant de 3 ans : fille<br \/>\u2013 15 enfants entre 06 et 12 ans : 08 filles et 07 garc\u0327ons. \u2013 09 jeunes entre 12 et 15 ans : 05 garc\u0327ons et 04 filles.<\/p><\/div><\/div><\/div><\/div><div class=\"column\"><p>95% des enfants de l&#8217;atelier vivent a\u0300 la Redoute.<br \/>Seul un garc\u0327on n&#8217;habite pas le quartier. Il habite pre\u0300s de la me\u0301diathe\u0300que, a\u0300 une rue.<\/p><p><span style=\"text-decoration: underline;\">Nombre de se\u0301ances<\/span> : 27 durant les petites et grandes vacances scolaires.<br \/>A noter : durant les vacances d&#8217;avril, l&#8217;atelier n&#8217;e\u0301tait pas possible pour des raisons sanitaires. Nous avons cependant participe\u0301 a\u0300 l&#8217;aide au devoir, seule activite\u0301 maintenue a\u0300 l&#8217;espace Citoyen.<br \/>Cette initiative nous a permis de rencontrer d&#8217;autres enfants, qui ont inte\u0301gre\u0301 l&#8217;atelier par la suite, durant l&#8217;e\u0301te\u0301.<\/p><\/div><\/div><\/div><div class=\"page\" title=\"Page 2\"><div class=\"layoutArea\"><div class=\"column\"><p><span style=\"text-decoration: underline;\">Restitution<\/span> : dans le cadre du projet &#8220;Habiter\/Habite\u0301-es : la Cabane a\u0300 ressources &#8220;, nous avons pu effectuer une restitution d&#8217;atelier pour un public varie\u0301 et interge\u0301ne\u0301rationnel. Ce moment a e\u0301te\u0301 particulie\u0300rement chaleureux et important pour les enfants.<br \/>Nous pre\u0301voyons une exposition de peintures et dessins et une installation sonore a\u0300 la maison du Citoyen.<\/p><p><span style=\"text-decoration: underline;\">Organisation<\/span> : nous avons fait des demi groupes de 6 enfants maximum par atelier. L&#8217;expe\u0301rience nous a montre\u0301 qu&#8217;il est plus raisonnable et plus su\u0302r sur le plan sanitaire de proce\u0301der ainsi.<\/p><p><span style=\"text-decoration: underline;\">Sortie<\/span><br \/>Be\u0301ne\u0301ficiaires : 12 enfants et jeunes.<br \/>Une sortie a e\u0301te\u0301 effectue\u0301e en octobre au plane\u0301tarium de la Cite\u0301 des Sciences. Les sorties sont toujours pl\u00e9biscite\u0301es par les enfants, les jeunes et les parents. Celle-ci e\u0301tait particulie\u0300rement pertinente par rapport a\u0300 notre the\u0300me.<\/p><p><span style=\"text-decoration: underline;\">Dons de livres<\/span> : comme les anne\u0301es pre\u0301ce\u0301dentes, des livres ont e\u0301te\u0301 offerts aux enfants, avant les fe\u0302tes de fin d&#8217;anne\u0301e.<\/p><\/div><\/div><\/div><\/div>\t\t\t\t\t\t<\/div>\n\t\t\t\t<\/div>\n\t\t\t\t\t<\/div>\n\t\t<\/div>\n\t\t\t\t\t<\/div>\n\t\t<\/section>\n\t\t\t\t<section class=\"elementor-section elementor-top-section elementor-element elementor-element-3ff49d9 elementor-section-boxed elementor-section-height-default elementor-section-height-default\" data-id=\"3ff49d9\" data-element_type=\"section\">\n\t\t\t\t\t\t<div class=\"elementor-container elementor-column-gap-default\">\n\t\t\t\t\t<div class=\"elementor-column elementor-col-100 elementor-top-column elementor-element elementor-element-9ff83dc\" data-id=\"9ff83dc\" data-element_type=\"column\">\n\t\t\t<div class=\"elementor-widget-wrap elementor-element-populated\">\n\t\t\t\t\t\t<div class=\"elementor-element elementor-element-c830cf7 elementor-widget elementor-widget-text-editor\" data-id=\"c830cf7\" data-element_type=\"widget\" data-widget_type=\"text-editor.default\">\n\t\t\t\t<div class=\"elementor-widget-container\">\n\t\t\t\t\t\t\t<p><span style=\"color: #333333;\">En son li\u00e9s aux \u00e9toiles, nous avons \u00e9cout\u00e9 plein de trucs. Des sons de plan\u00e8tes, il y en a qui sont hallucinants, par exemple V\u00e9nus ou Uranus.<br \/><\/span><\/p>\t\t\t\t\t\t<\/div>\n\t\t\t\t<\/div>\n\t\t\t\t\t<\/div>\n\t\t<\/div>\n\t\t\t\t\t<\/div>\n\t\t<\/section>\n\t\t\t\t<section class=\"elementor-section elementor-top-section elementor-element elementor-element-7f27557 elementor-section-boxed elementor-section-height-default elementor-section-height-default\" data-id=\"7f27557\" data-element_type=\"section\">\n\t\t\t\t\t\t<div class=\"elementor-container elementor-column-gap-default\">\n\t\t\t\t\t<div class=\"elementor-column elementor-col-66 elementor-top-column elementor-element elementor-element-9cabe7f\" data-id=\"9cabe7f\" data-element_type=\"column\">\n\t\t\t<div class=\"elementor-widget-wrap elementor-element-populated\">\n\t\t\t\t\t\t<div class=\"elementor-element elementor-element-d1f2958 elementor-widget elementor-widget-video\" data-id=\"d1f2958\" data-element_type=\"widget\" data-settings=\"{&quot;youtube_url&quot;:&quot;https:\\\/\\\/www.youtube.com\\\/watch?v=K-3tBefY1zY&quot;,&quot;video_type&quot;:&quot;youtube&quot;,&quot;controls&quot;:&quot;yes&quot;}\" data-widget_type=\"video.default\">\n\t\t\t\t<div class=\"elementor-widget-container\">\n\t\t\t\t\t<div class=\"elementor-wrapper elementor-open-inline\">\n\t\t\t<div class=\"elementor-video\"><\/div>\t\t<\/div>\n\t\t\t\t<\/div>\n\t\t\t\t<\/div>\n\t\t\t\t\t<\/div>\n\t\t<\/div>\n\t\t\t\t<div class=\"elementor-column elementor-col-33 elementor-top-column elementor-element elementor-element-343da73\" data-id=\"343da73\" data-element_type=\"column\">\n\t\t\t<div class=\"elementor-widget-wrap elementor-element-populated\">\n\t\t\t\t\t\t<div class=\"elementor-element elementor-element-dd7373c elementor-widget elementor-widget-video\" data-id=\"dd7373c\" data-element_type=\"widget\" data-settings=\"{&quot;youtube_url&quot;:&quot;https:\\\/\\\/www.youtube.com\\\/watch?v=agfe6Wnllgc&quot;,&quot;video_type&quot;:&quot;youtube&quot;,&quot;controls&quot;:&quot;yes&quot;}\" data-widget_type=\"video.default\">\n\t\t\t\t<div class=\"elementor-widget-container\">\n\t\t\t\t\t<div class=\"elementor-wrapper elementor-open-inline\">\n\t\t\t<div class=\"elementor-video\"><\/div>\t\t<\/div>\n\t\t\t\t<\/div>\n\t\t\t\t<\/div>\n\t\t\t\t\t<\/div>\n\t\t<\/div>\n\t\t\t\t\t<\/div>\n\t\t<\/section>\n\t\t\t\t<section class=\"elementor-section elementor-top-section elementor-element elementor-element-09a31ff elementor-section-boxed elementor-section-height-default elementor-section-height-default\" data-id=\"09a31ff\" data-element_type=\"section\">\n\t\t\t\t\t\t<div class=\"elementor-container elementor-column-gap-default\">\n\t\t\t\t\t<div class=\"elementor-column elementor-col-50 elementor-top-column elementor-element elementor-element-1e30dd9\" data-id=\"1e30dd9\" data-element_type=\"column\">\n\t\t\t<div class=\"elementor-widget-wrap elementor-element-populated\">\n\t\t\t\t\t\t<div class=\"elementor-element elementor-element-fcbb886 elementor-widget elementor-widget-image\" data-id=\"fcbb886\" data-element_type=\"widget\" data-widget_type=\"image.default\">\n\t\t\t\t<div class=\"elementor-widget-container\">\n\t\t\t\t\t\t\t\t\t\t<figure class=\"wp-caption\">\n\t\t\t\t\t\t\t\t\t\t<img fetchpriority=\"high\" decoding=\"async\" width=\"480\" height=\"270\" src=\"https:\/\/etreshumainsprofessionnels.fr\/wp-content\/uploads\/2023\/06\/trounoir.jpg\" class=\"attachment-large size-large wp-image-2551\" alt=\"\" srcset=\"https:\/\/etreshumainsprofessionnels.fr\/wp-content\/uploads\/2023\/06\/trounoir.jpg 480w, https:\/\/etreshumainsprofessionnels.fr\/wp-content\/uploads\/2023\/06\/trounoir-300x169.jpg 300w\" sizes=\"(max-width: 480px) 100vw, 480px\" \/>\t\t\t\t\t\t\t\t\t\t\t<figcaption class=\"widget-image-caption wp-caption-text\">Photographie d'un trou noir (Agence Spatiale Am\u00e9ricaine)<\/figcaption>\n\t\t\t\t\t\t\t\t\t\t<\/figure>\n\t\t\t\t\t\t\t<\/div>\n\t\t\t\t<\/div>\n\t\t\t\t\t<\/div>\n\t\t<\/div>\n\t\t\t\t<div class=\"elementor-column elementor-col-50 elementor-top-column elementor-element elementor-element-c35bc5f\" data-id=\"c35bc5f\" data-element_type=\"column\">\n\t\t\t<div class=\"elementor-widget-wrap\">\n\t\t\t\t\t\t\t<\/div>\n\t\t<\/div>\n\t\t\t\t\t<\/div>\n\t\t<\/section>\n\t\t\t\t<\/div>\n\t\t","protected":false},"excerpt":{"rendered":"<p>Vers vous les \u00e9toiles Notre objectif, pour chacun des ateliers que nous imaginons, est d\u2019encourager le public a\u0300 utiliser les me\u0302mes vecteurs que les artistes : la litte\u0301rature, la musique, la peinture, le the\u0301a\u0302tre, la photo, etc\u2026 en l\u2019associant a\u0300 une pratique de notre vie quotidienne, afin de trouver, retrouver ou enrichir le lien unissant &hellip;<\/p>\n<p class=\"read-more\"> <a class=\"\" href=\"https:\/\/etreshumainsprofessionnels.fr\/index.php\/2021\/06\/08\/vers-vous-les-etoiles\/\"> <span class=\"screen-reader-text\">Vers vous les \u00e9toiles<\/span> Read More &raquo;<\/a><\/p>\n","protected":false},"author":1,"featured_media":2551,"comment_status":"closed","ping_status":"closed","sticky":false,"template":"elementor_header_footer","format":"standard","meta":{"site-sidebar-layout":"default","site-content-layout":"default","ast-global-header-display":"","ast-banner-title-visibility":"","ast-main-header-display":"","ast-hfb-above-header-display":"","ast-hfb-below-header-display":"","ast-hfb-mobile-header-display":"","site-post-title":"","ast-breadcrumbs-content":"","ast-featured-img":"","footer-sml-layout":"","theme-transparent-header-meta":"","adv-header-id-meta":"","stick-header-meta":"","header-above-stick-meta":"","header-main-stick-meta":"","header-below-stick-meta":""},"categories":[64,73,48,66],"tags":[],"_links":{"self":[{"href":"https:\/\/etreshumainsprofessionnels.fr\/index.php\/wp-json\/wp\/v2\/posts\/2550"}],"collection":[{"href":"https:\/\/etreshumainsprofessionnels.fr\/index.php\/wp-json\/wp\/v2\/posts"}],"about":[{"href":"https:\/\/etreshumainsprofessionnels.fr\/index.php\/wp-json\/wp\/v2\/types\/post"}],"author":[{"embeddable":true,"href":"https:\/\/etreshumainsprofessionnels.fr\/index.php\/wp-json\/wp\/v2\/users\/1"}],"replies":[{"embeddable":true,"href":"https:\/\/etreshumainsprofessionnels.fr\/index.php\/wp-json\/wp\/v2\/comments?post=2550"}],"version-history":[{"count":7,"href":"https:\/\/etreshumainsprofessionnels.fr\/index.php\/wp-json\/wp\/v2\/posts\/2550\/revisions"}],"predecessor-version":[{"id":2727,"href":"https:\/\/etreshumainsprofessionnels.fr\/index.php\/wp-json\/wp\/v2\/posts\/2550\/revisions\/2727"}],"wp:featuredmedia":[{"embeddable":true,"href":"https:\/\/etreshumainsprofessionnels.fr\/index.php\/wp-json\/wp\/v2\/media\/2551"}],"wp:attachment":[{"href":"https:\/\/etreshumainsprofessionnels.fr\/index.php\/wp-json\/wp\/v2\/media?parent=2550"}],"wp:term":[{"taxonomy":"category","embeddable":true,"href":"https:\/\/etreshumainsprofessionnels.fr\/index.php\/wp-json\/wp\/v2\/categories?post=2550"},{"taxonomy":"post_tag","embeddable":true,"href":"https:\/\/etreshumainsprofessionnels.fr\/index.php\/wp-json\/wp\/v2\/tags?post=2550"}],"curies":[{"name":"wp","href":"https:\/\/api.w.org\/{rel}","templated":true}]}}