{"id":2447,"date":"2023-05-19T10:12:00","date_gmt":"2023-05-19T08:12:00","guid":{"rendered":"https:\/\/etreshumainsprofessionnels.fr\/?p=2447"},"modified":"2023-05-25T15:34:17","modified_gmt":"2023-05-25T13:34:17","slug":"les-etres-humains-professionnels-participe-a-la-fresque-de-la-redoute","status":"publish","type":"post","link":"https:\/\/etreshumainsprofessionnels.fr\/index.php\/2023\/05\/19\/les-etres-humains-professionnels-participe-a-la-fresque-de-la-redoute\/","title":{"rendered":"Les \u00catres humains professionnels participe \u00e0 la fresque de La Redoute"},"content":{"rendered":"\t\t<div data-elementor-type=\"wp-post\" data-elementor-id=\"2447\" class=\"elementor elementor-2447\">\n\t\t\t\t\t\t<section class=\"elementor-section elementor-top-section elementor-element elementor-element-801351e elementor-section-boxed elementor-section-height-default elementor-section-height-default\" data-id=\"801351e\" data-element_type=\"section\">\n\t\t\t\t\t\t<div class=\"elementor-container elementor-column-gap-default\">\n\t\t\t\t\t<div class=\"elementor-column elementor-col-100 elementor-top-column elementor-element elementor-element-e8a6873\" data-id=\"e8a6873\" data-element_type=\"column\">\n\t\t\t<div class=\"elementor-widget-wrap elementor-element-populated\">\n\t\t\t\t\t\t<div class=\"elementor-element elementor-element-7a7f088 elementor-widget elementor-widget-spacer\" data-id=\"7a7f088\" data-element_type=\"widget\" data-widget_type=\"spacer.default\">\n\t\t\t\t<div class=\"elementor-widget-container\">\n\t\t\t\t\t<div class=\"elementor-spacer\">\n\t\t\t<div class=\"elementor-spacer-inner\"><\/div>\n\t\t<\/div>\n\t\t\t\t<\/div>\n\t\t\t\t<\/div>\n\t\t\t\t\t<\/div>\n\t\t<\/div>\n\t\t\t\t\t<\/div>\n\t\t<\/section>\n\t\t\t\t<section class=\"elementor-section elementor-top-section elementor-element elementor-element-f4dfc21 elementor-section-boxed elementor-section-height-default elementor-section-height-default\" data-id=\"f4dfc21\" data-element_type=\"section\">\n\t\t\t\t\t\t<div class=\"elementor-container elementor-column-gap-default\">\n\t\t\t\t\t<div class=\"elementor-column elementor-col-100 elementor-top-column elementor-element elementor-element-bfebc15\" data-id=\"bfebc15\" data-element_type=\"column\">\n\t\t\t<div class=\"elementor-widget-wrap elementor-element-populated\">\n\t\t\t\t\t\t<div class=\"elementor-element elementor-element-dbd1e5b elementor-widget elementor-widget-heading\" data-id=\"dbd1e5b\" data-element_type=\"widget\" data-widget_type=\"heading.default\">\n\t\t\t\t<div class=\"elementor-widget-container\">\n\t\t\t<h3 class=\"elementor-heading-title elementor-size-large\">La fresque de La Redoute. C'est parti !<\/h3>\t\t<\/div>\n\t\t\t\t<\/div>\n\t\t\t\t\t<\/div>\n\t\t<\/div>\n\t\t\t\t\t<\/div>\n\t\t<\/section>\n\t\t\t\t<section class=\"elementor-section elementor-top-section elementor-element elementor-element-315369a elementor-section-boxed elementor-section-height-default elementor-section-height-default\" data-id=\"315369a\" data-element_type=\"section\">\n\t\t\t\t\t\t<div class=\"elementor-container elementor-column-gap-default\">\n\t\t\t\t\t<div class=\"elementor-column elementor-col-100 elementor-top-column elementor-element elementor-element-5138a55\" data-id=\"5138a55\" data-element_type=\"column\">\n\t\t\t<div class=\"elementor-widget-wrap elementor-element-populated\">\n\t\t\t\t\t\t<div class=\"elementor-element elementor-element-cb88ab5 elementor-widget elementor-widget-text-editor\" data-id=\"cb88ab5\" data-element_type=\"widget\" data-widget_type=\"text-editor.default\">\n\t\t\t\t<div class=\"elementor-widget-container\">\n\t\t\t\t\t\t\t<p>Au d\u00e9part, il y a une envie des habitant.es d&#8217;embellir le mur du parking &#8220;sale et moche&#8221; de La Redoute. C&#8217;est au sein de l&#8217;espace de vie sociale qui furent partag\u00e9es les paroles et les id\u00e9es. Les \u00catres humains professionnels et <a href=\"https:\/\/www.facebook.com\/atelierletransat\/\">l&#8217;association Le Transat<\/a> ont alors d\u00e9cid\u00e9 de travailler ensemble sur l&#8217;id\u00e9e de cr\u00e9er <strong>la fresque du Vivant<\/strong>. Les Compagnons b\u00e2tisseurs accompagne le projet et le bailleur social le finance avec la Ville de Fontenay et la Politique de la Ville.<\/p><p>Ce projet se terminera entre le 23 et le 30 juin 2023.<\/p>\t\t\t\t\t\t<\/div>\n\t\t\t\t<\/div>\n\t\t\t\t\t<\/div>\n\t\t<\/div>\n\t\t\t\t\t<\/div>\n\t\t<\/section>\n\t\t\t\t<section class=\"elementor-section elementor-top-section elementor-element elementor-element-82f7cf7 elementor-section-boxed elementor-section-height-default elementor-section-height-default\" data-id=\"82f7cf7\" data-element_type=\"section\">\n\t\t\t\t\t\t<div class=\"elementor-container elementor-column-gap-default\">\n\t\t\t\t\t<div class=\"elementor-column elementor-col-25 elementor-top-column elementor-element elementor-element-c2f3954\" data-id=\"c2f3954\" data-element_type=\"column\">\n\t\t\t<div class=\"elementor-widget-wrap elementor-element-populated\">\n\t\t\t\t\t\t<div class=\"elementor-element elementor-element-e50005e elementor-widget elementor-widget-image\" data-id=\"e50005e\" data-element_type=\"widget\" data-widget_type=\"image.default\">\n\t\t\t\t<div class=\"elementor-widget-container\">\n\t\t\t\t\t\t\t\t\t\t\t\t\t<img fetchpriority=\"high\" decoding=\"async\" width=\"1024\" height=\"768\" src=\"https:\/\/etreshumainsprofessionnels.fr\/wp-content\/uploads\/2023\/05\/1685001257425.jpg\" class=\"attachment-large size-large wp-image-2449\" alt=\"\" srcset=\"https:\/\/etreshumainsprofessionnels.fr\/wp-content\/uploads\/2023\/05\/1685001257425.jpg 1024w, https:\/\/etreshumainsprofessionnels.fr\/wp-content\/uploads\/2023\/05\/1685001257425-300x225.jpg 300w, https:\/\/etreshumainsprofessionnels.fr\/wp-content\/uploads\/2023\/05\/1685001257425-768x576.jpg 768w\" sizes=\"(max-width: 1024px) 100vw, 1024px\" \/>\t\t\t\t\t\t\t\t\t\t\t\t\t<\/div>\n\t\t\t\t<\/div>\n\t\t\t\t\t<\/div>\n\t\t<\/div>\n\t\t\t\t<div class=\"elementor-column elementor-col-25 elementor-top-column elementor-element elementor-element-904a7e1\" data-id=\"904a7e1\" data-element_type=\"column\" data-settings=\"{&quot;background_background&quot;:&quot;classic&quot;}\">\n\t\t\t<div class=\"elementor-widget-wrap elementor-element-populated\">\n\t\t\t\t\t\t<div class=\"elementor-element elementor-element-bf42d28 elementor-widget elementor-widget-image\" data-id=\"bf42d28\" data-element_type=\"widget\" data-widget_type=\"image.default\">\n\t\t\t\t<div class=\"elementor-widget-container\">\n\t\t\t\t\t\t\t\t\t\t\t\t\t<img decoding=\"async\" width=\"1024\" height=\"768\" src=\"https:\/\/etreshumainsprofessionnels.fr\/wp-content\/uploads\/2023\/05\/1685001257403-1024x768.jpg\" class=\"attachment-large size-large wp-image-2448\" alt=\"\" srcset=\"https:\/\/etreshumainsprofessionnels.fr\/wp-content\/uploads\/2023\/05\/1685001257403-1024x768.jpg 1024w, https:\/\/etreshumainsprofessionnels.fr\/wp-content\/uploads\/2023\/05\/1685001257403-300x225.jpg 300w, https:\/\/etreshumainsprofessionnels.fr\/wp-content\/uploads\/2023\/05\/1685001257403-768x576.jpg 768w, https:\/\/etreshumainsprofessionnels.fr\/wp-content\/uploads\/2023\/05\/1685001257403-1536x1153.jpg 1536w, https:\/\/etreshumainsprofessionnels.fr\/wp-content\/uploads\/2023\/05\/1685001257403.jpg 1599w\" sizes=\"(max-width: 1024px) 100vw, 1024px\" \/>\t\t\t\t\t\t\t\t\t\t\t\t\t<\/div>\n\t\t\t\t<\/div>\n\t\t\t\t\t<\/div>\n\t\t<\/div>\n\t\t\t\t<div class=\"elementor-column elementor-col-25 elementor-top-column elementor-element elementor-element-cba2e31\" data-id=\"cba2e31\" data-element_type=\"column\">\n\t\t\t<div class=\"elementor-widget-wrap elementor-element-populated\">\n\t\t\t\t\t\t<div class=\"elementor-element elementor-element-1097ee1 elementor-widget elementor-widget-image\" data-id=\"1097ee1\" data-element_type=\"widget\" data-widget_type=\"image.default\">\n\t\t\t\t<div class=\"elementor-widget-container\">\n\t\t\t\t\t\t\t\t\t\t\t\t\t<img decoding=\"async\" width=\"1024\" height=\"768\" src=\"https:\/\/etreshumainsprofessionnels.fr\/wp-content\/uploads\/2023\/05\/1685001257368-1024x768.jpg\" class=\"attachment-large size-large wp-image-2452\" alt=\"\" srcset=\"https:\/\/etreshumainsprofessionnels.fr\/wp-content\/uploads\/2023\/05\/1685001257368-1024x768.jpg 1024w, https:\/\/etreshumainsprofessionnels.fr\/wp-content\/uploads\/2023\/05\/1685001257368-300x225.jpg 300w, https:\/\/etreshumainsprofessionnels.fr\/wp-content\/uploads\/2023\/05\/1685001257368-768x576.jpg 768w, https:\/\/etreshumainsprofessionnels.fr\/wp-content\/uploads\/2023\/05\/1685001257368-1536x1153.jpg 1536w, https:\/\/etreshumainsprofessionnels.fr\/wp-content\/uploads\/2023\/05\/1685001257368.jpg 1599w\" sizes=\"(max-width: 1024px) 100vw, 1024px\" \/>\t\t\t\t\t\t\t\t\t\t\t\t\t<\/div>\n\t\t\t\t<\/div>\n\t\t\t\t\t<\/div>\n\t\t<\/div>\n\t\t\t\t<div class=\"elementor-column elementor-col-25 elementor-top-column elementor-element elementor-element-0f4dd7b\" data-id=\"0f4dd7b\" data-element_type=\"column\">\n\t\t\t<div class=\"elementor-widget-wrap elementor-element-populated\">\n\t\t\t\t\t\t<div class=\"elementor-element elementor-element-7e33ebd elementor-widget elementor-widget-image\" data-id=\"7e33ebd\" data-element_type=\"widget\" data-widget_type=\"image.default\">\n\t\t\t\t<div class=\"elementor-widget-container\">\n\t\t\t\t\t\t\t\t\t\t\t\t\t<img loading=\"lazy\" decoding=\"async\" width=\"768\" height=\"1024\" src=\"https:\/\/etreshumainsprofessionnels.fr\/wp-content\/uploads\/2023\/05\/1685001257386-768x1024.jpg\" class=\"attachment-large size-large wp-image-2451\" alt=\"\" srcset=\"https:\/\/etreshumainsprofessionnels.fr\/wp-content\/uploads\/2023\/05\/1685001257386-768x1023.jpg 768w, https:\/\/etreshumainsprofessionnels.fr\/wp-content\/uploads\/2023\/05\/1685001257386-225x300.jpg 225w, https:\/\/etreshumainsprofessionnels.fr\/wp-content\/uploads\/2023\/05\/1685001257386-1153x1536.jpg 1153w, https:\/\/etreshumainsprofessionnels.fr\/wp-content\/uploads\/2023\/05\/1685001257386.jpg 1200w\" sizes=\"(max-width: 768px) 100vw, 768px\" \/>\t\t\t\t\t\t\t\t\t\t\t\t\t<\/div>\n\t\t\t\t<\/div>\n\t\t\t\t\t<\/div>\n\t\t<\/div>\n\t\t\t\t\t<\/div>\n\t\t<\/section>\n\t\t\t\t<section class=\"elementor-section elementor-top-section elementor-element elementor-element-03d5864 elementor-section-boxed elementor-section-height-default elementor-section-height-default\" data-id=\"03d5864\" data-element_type=\"section\">\n\t\t\t\t\t\t<div class=\"elementor-container elementor-column-gap-default\">\n\t\t\t\t\t<div class=\"elementor-column elementor-col-100 elementor-top-column elementor-element elementor-element-c6afcc7\" data-id=\"c6afcc7\" data-element_type=\"column\">\n\t\t\t<div class=\"elementor-widget-wrap elementor-element-populated\">\n\t\t\t\t\t\t<div class=\"elementor-element elementor-element-f154b28 elementor-widget elementor-widget-spacer\" data-id=\"f154b28\" data-element_type=\"widget\" data-widget_type=\"spacer.default\">\n\t\t\t\t<div class=\"elementor-widget-container\">\n\t\t\t\t\t<div class=\"elementor-spacer\">\n\t\t\t<div class=\"elementor-spacer-inner\"><\/div>\n\t\t<\/div>\n\t\t\t\t<\/div>\n\t\t\t\t<\/div>\n\t\t\t\t\t<\/div>\n\t\t<\/div>\n\t\t\t\t\t<\/div>\n\t\t<\/section>\n\t\t\t\t<\/div>\n\t\t","protected":false},"excerpt":{"rendered":"<p>La fresque de La Redoute est lanc\u00e9e !<\/p>\n","protected":false},"author":1,"featured_media":2450,"comment_status":"closed","ping_status":"closed","sticky":false,"template":"elementor_header_footer","format":"standard","meta":{"site-sidebar-layout":"default","site-content-layout":"default","ast-global-header-display":"","ast-banner-title-visibility":"","ast-main-header-display":"","ast-hfb-above-header-display":"","ast-hfb-below-header-display":"","ast-hfb-mobile-header-display":"","site-post-title":"","ast-breadcrumbs-content":"","ast-featured-img":"","footer-sml-layout":"","theme-transparent-header-meta":"default","adv-header-id-meta":"","stick-header-meta":"","header-above-stick-meta":"","header-main-stick-meta":"","header-below-stick-meta":""},"categories":[64],"tags":[68],"_links":{"self":[{"href":"https:\/\/etreshumainsprofessionnels.fr\/index.php\/wp-json\/wp\/v2\/posts\/2447"}],"collection":[{"href":"https:\/\/etreshumainsprofessionnels.fr\/index.php\/wp-json\/wp\/v2\/posts"}],"about":[{"href":"https:\/\/etreshumainsprofessionnels.fr\/index.php\/wp-json\/wp\/v2\/types\/post"}],"author":[{"embeddable":true,"href":"https:\/\/etreshumainsprofessionnels.fr\/index.php\/wp-json\/wp\/v2\/users\/1"}],"replies":[{"embeddable":true,"href":"https:\/\/etreshumainsprofessionnels.fr\/index.php\/wp-json\/wp\/v2\/comments?post=2447"}],"version-history":[{"count":10,"href":"https:\/\/etreshumainsprofessionnels.fr\/index.php\/wp-json\/wp\/v2\/posts\/2447\/revisions"}],"predecessor-version":[{"id":2515,"href":"https:\/\/etreshumainsprofessionnels.fr\/index.php\/wp-json\/wp\/v2\/posts\/2447\/revisions\/2515"}],"wp:featuredmedia":[{"embeddable":true,"href":"https:\/\/etreshumainsprofessionnels.fr\/index.php\/wp-json\/wp\/v2\/media\/2450"}],"wp:attachment":[{"href":"https:\/\/etreshumainsprofessionnels.fr\/index.php\/wp-json\/wp\/v2\/media?parent=2447"}],"wp:term":[{"taxonomy":"category","embeddable":true,"href":"https:\/\/etreshumainsprofessionnels.fr\/index.php\/wp-json\/wp\/v2\/categories?post=2447"},{"taxonomy":"post_tag","embeddable":true,"href":"https:\/\/etreshumainsprofessionnels.fr\/index.php\/wp-json\/wp\/v2\/tags?post=2447"}],"curies":[{"name":"wp","href":"https:\/\/api.w.org\/{rel}","templated":true}]}}