{"id":2355,"date":"2022-06-08T23:09:54","date_gmt":"2022-06-08T21:09:54","guid":{"rendered":"http:\/\/etreshumainsprofessionnels.fr\/?p=2355"},"modified":"2023-11-19T10:50:52","modified_gmt":"2023-11-19T09:50:52","slug":"la-cabane-spectacles-arrive-a-la-redoute-le-1er-juillet-2022","status":"publish","type":"post","link":"https:\/\/etreshumainsprofessionnels.fr\/index.php\/2022\/06\/08\/la-cabane-spectacles-arrive-a-la-redoute-le-1er-juillet-2022\/","title":{"rendered":"La cabane spectacles arrive \u00e0 La Redoute le 1er juillet 2022 !!"},"content":{"rendered":"\t\t<div data-elementor-type=\"wp-post\" data-elementor-id=\"2355\" class=\"elementor elementor-2355\">\n\t\t\t\t\t\t<section class=\"elementor-section elementor-top-section elementor-element elementor-element-801351e elementor-section-boxed elementor-section-height-default elementor-section-height-default\" data-id=\"801351e\" data-element_type=\"section\">\n\t\t\t\t\t\t<div class=\"elementor-container elementor-column-gap-default\">\n\t\t\t\t\t<div class=\"elementor-column elementor-col-100 elementor-top-column elementor-element elementor-element-e8a6873\" data-id=\"e8a6873\" data-element_type=\"column\">\n\t\t\t<div class=\"elementor-widget-wrap elementor-element-populated\">\n\t\t\t\t\t\t<div class=\"elementor-element elementor-element-7a7f088 elementor-widget elementor-widget-spacer\" data-id=\"7a7f088\" data-element_type=\"widget\" data-widget_type=\"spacer.default\">\n\t\t\t\t<div class=\"elementor-widget-container\">\n\t\t\t\t\t<div class=\"elementor-spacer\">\n\t\t\t<div class=\"elementor-spacer-inner\"><\/div>\n\t\t<\/div>\n\t\t\t\t<\/div>\n\t\t\t\t<\/div>\n\t\t\t\t\t<\/div>\n\t\t<\/div>\n\t\t\t\t\t<\/div>\n\t\t<\/section>\n\t\t\t\t<section class=\"elementor-section elementor-top-section elementor-element elementor-element-638c862 elementor-section-boxed elementor-section-height-default elementor-section-height-default\" data-id=\"638c862\" data-element_type=\"section\">\n\t\t\t\t\t\t<div class=\"elementor-container elementor-column-gap-default\">\n\t\t\t\t\t<div class=\"elementor-column elementor-col-100 elementor-top-column elementor-element elementor-element-2b215e7\" data-id=\"2b215e7\" data-element_type=\"column\">\n\t\t\t<div class=\"elementor-widget-wrap elementor-element-populated\">\n\t\t\t\t\t\t<div class=\"elementor-element elementor-element-6470331 elementor-widget elementor-widget-heading\" data-id=\"6470331\" data-element_type=\"widget\" data-widget_type=\"heading.default\">\n\t\t\t\t<div class=\"elementor-widget-container\">\n\t\t\t<h3 class=\"elementor-heading-title elementor-size-large\">La cabane spectacles arrive \u00e0 La Redoute le 1er juillet 2022<\/h3>\t\t<\/div>\n\t\t\t\t<\/div>\n\t\t\t\t\t<\/div>\n\t\t<\/div>\n\t\t\t\t\t<\/div>\n\t\t<\/section>\n\t\t\t\t<section class=\"elementor-section elementor-top-section elementor-element elementor-element-00cf9c6 elementor-section-boxed elementor-section-height-default elementor-section-height-default\" data-id=\"00cf9c6\" data-element_type=\"section\">\n\t\t\t\t\t\t<div class=\"elementor-container elementor-column-gap-default\">\n\t\t\t\t\t<div class=\"elementor-column elementor-col-66 elementor-top-column elementor-element elementor-element-b082799\" data-id=\"b082799\" data-element_type=\"column\">\n\t\t\t<div class=\"elementor-widget-wrap elementor-element-populated\">\n\t\t\t\t\t\t<div class=\"elementor-element elementor-element-3ba99be elementor-widget elementor-widget-text-editor\" data-id=\"3ba99be\" data-element_type=\"widget\" data-widget_type=\"text-editor.default\">\n\t\t\t\t<div class=\"elementor-widget-container\">\n\t\t\t\t\t\t\t<div class=\"\" data-block=\"true\" data-editor=\"cmuav\" data-offset-key=\"65ml9-0-0\"><div class=\"public-DraftStyleDefault-block public-DraftStyleDefault-ltr\" data-offset-key=\"65ml9-0-0\"><div data-block=\"true\" data-editor=\"cmuav\" data-offset-key=\"65ml9-0-0\"><div data-offset-key=\"65ml9-0-0\"><b>La Cabane spectacles\u00a0<\/b><b>sensibilise a\u0300 l\u2019espace sce\u0301nique en tant qu\u2019espace habite\u0301,<\/b>\u00a0au dedans et au dehors, au re\u0301pertoire et au jeu the\u0301a\u0302tral et musical.<\/div><p><b>Dispositif<\/b>\u00a0mobile et modulable en bois et tissu.<br \/><strong>Conception-fabrication<\/strong> : elle d\u00e9coule des discussions au sein des membres de l&#8217;association, toujours en lien avec les id\u00e9esn remarques des habitants du quartier, des premiers plans r\u00e9alis\u00e9es par Francesca et Jos\u00e9phine. La version finale a \u00e9t\u00e9 matur\u00e9e et fabriqu\u00e9e par Simon. Il est propos\u00e9 une approche par le r\u00e9mploi des mat\u00e9riaux. La structure est r\u00e9alis\u00e9e \u00e0 90% avec des mat\u00e9riaux de seconde main. Par ailleurs, avec ce projet, nous souhaitons mettre en valeur le m\u00e9tier d&#8217;artisan m\u00e9tallier. <br \/><b>Objectifs spe\u0301cifiques :<\/b>\u00a0sensibiliser a\u0300 l\u2019espace sce\u0301nique, au jeu the\u0301a\u0302tral et musical. Permettre de de\u0301couvrir des textes, jouer, s\u2019amuser, \u00eatre quelqu\u2019un d\u2019autres pendant un instant.<\/p><\/div><p><span data-offset-key=\"65ml9-0-0\">Depuis plusieurs ann\u00e9es, l\u2019association travaille au sein du quartier de La Redoute.<\/span><\/p><\/div><\/div><div class=\"\" data-block=\"true\" data-editor=\"cmuav\" data-offset-key=\"a21p9-0-0\"><div class=\"public-DraftStyleDefault-block public-DraftStyleDefault-ltr\" data-offset-key=\"a21p9-0-0\"><span data-offset-key=\"a21p9-0-0\">Nous avons \u0153uvre\u0301 a\u0300 faire connaissance avec les habitants et les structures associatives et publiques, en cre\u0301ant deux ateliers de lecture a\u0300 voix haute couple\u0301s a\u0300 d&#8217;autres pratiques artistiques ou culturelles : la cuisine, la peinture, la musique, l&#8217;enregistrement&#8230;<\/span><\/div><div data-offset-key=\"a21p9-0-0\">\u00a0<\/div><div data-offset-key=\"a21p9-0-0\"><p class=\"_04xlpA direction-ltr align-justify para-style-body\"><span class=\"JsGRdQ\">Avec le projet \u00ab <\/span><span class=\"JsGRdQ\">La Redoute<\/span><span class=\"JsGRdQ\"> \u00bb, que nous souhaitons inscrire sur une p\u00e9riode de trois ann\u00e9es cons\u00e9cutives, l\u2019association propose aux habitants du quartier La Redoute d\u2019\u00eatre b\u00e2tisseurs de soi, du monde, de r\u00eaveries \u00e0 travers l\u2019installation de cabanes au sein du quartier.<\/span><\/p><\/div><\/div>\t\t\t\t\t\t<\/div>\n\t\t\t\t<\/div>\n\t\t\t\t<div class=\"elementor-element elementor-element-7265ae6 elementor-widget elementor-widget-image\" data-id=\"7265ae6\" data-element_type=\"widget\" data-widget_type=\"image.default\">\n\t\t\t\t<div class=\"elementor-widget-container\">\n\t\t\t\t\t\t\t\t\t\t\t\t\t<img fetchpriority=\"high\" decoding=\"async\" width=\"1024\" height=\"579\" src=\"https:\/\/etreshumainsprofessionnels.fr\/wp-content\/uploads\/2023\/11\/CabaneImage2-1024x579.png\" class=\"attachment-large size-large wp-image-2907\" alt=\"\" srcset=\"https:\/\/etreshumainsprofessionnels.fr\/wp-content\/uploads\/2023\/11\/CabaneImage2-1024x579.png 1024w, https:\/\/etreshumainsprofessionnels.fr\/wp-content\/uploads\/2023\/11\/CabaneImage2-300x170.png 300w, https:\/\/etreshumainsprofessionnels.fr\/wp-content\/uploads\/2023\/11\/CabaneImage2-768x434.png 768w, https:\/\/etreshumainsprofessionnels.fr\/wp-content\/uploads\/2023\/11\/CabaneImage2-1536x869.png 1536w, https:\/\/etreshumainsprofessionnels.fr\/wp-content\/uploads\/2023\/11\/CabaneImage2.png 1865w\" sizes=\"(max-width: 1024px) 100vw, 1024px\" \/>\t\t\t\t\t\t\t\t\t\t\t\t\t<\/div>\n\t\t\t\t<\/div>\n\t\t\t\t<div class=\"elementor-element elementor-element-571d74c elementor-widget elementor-widget-image\" data-id=\"571d74c\" data-element_type=\"widget\" data-widget_type=\"image.default\">\n\t\t\t\t<div class=\"elementor-widget-container\">\n\t\t\t\t\t\t\t\t\t\t\t\t\t<img decoding=\"async\" width=\"1024\" height=\"779\" src=\"https:\/\/etreshumainsprofessionnels.fr\/wp-content\/uploads\/2023\/11\/CabaneImage1-1024x779.png\" class=\"attachment-large size-large wp-image-2906\" alt=\"\" srcset=\"https:\/\/etreshumainsprofessionnels.fr\/wp-content\/uploads\/2023\/11\/CabaneImage1-1024x779.png 1024w, https:\/\/etreshumainsprofessionnels.fr\/wp-content\/uploads\/2023\/11\/CabaneImage1-300x228.png 300w, https:\/\/etreshumainsprofessionnels.fr\/wp-content\/uploads\/2023\/11\/CabaneImage1-768x585.png 768w, https:\/\/etreshumainsprofessionnels.fr\/wp-content\/uploads\/2023\/11\/CabaneImage1-1536x1169.png 1536w, https:\/\/etreshumainsprofessionnels.fr\/wp-content\/uploads\/2023\/11\/CabaneImage1.png 1562w\" sizes=\"(max-width: 1024px) 100vw, 1024px\" \/>\t\t\t\t\t\t\t\t\t\t\t\t\t<\/div>\n\t\t\t\t<\/div>\n\t\t\t\t\t<\/div>\n\t\t<\/div>\n\t\t\t\t<div class=\"elementor-column elementor-col-33 elementor-top-column elementor-element elementor-element-ee45c83\" data-id=\"ee45c83\" data-element_type=\"column\">\n\t\t\t<div class=\"elementor-widget-wrap elementor-element-populated\">\n\t\t\t\t\t\t<div class=\"elementor-element elementor-element-119694e elementor-widget elementor-widget-image\" data-id=\"119694e\" data-element_type=\"widget\" data-widget_type=\"image.default\">\n\t\t\t\t<div class=\"elementor-widget-container\">\n\t\t\t\t\t\t\t\t\t\t\t\t\t\t<a href=\"http:\/\/etreshumainsprofessionnels.fr\/wp-content\/uploads\/2022\/06\/Capture-decran-2022-06-08-a-22.58.56.png\" data-elementor-open-lightbox=\"yes\" data-elementor-lightbox-title=\"Capture d\u2019\u00e9cran 2022-06-08 \u00e0 22.58.56\" data-e-action-hash=\"#elementor-action%3Aaction%3Dlightbox%26settings%3DeyJpZCI6MjM0MSwidXJsIjoiaHR0cHM6XC9cL2V0cmVzaHVtYWluc3Byb2Zlc3Npb25uZWxzLmZyXC93cC1jb250ZW50XC91cGxvYWRzXC8yMDIyXC8wNlwvQ2FwdHVyZS1kZWNyYW4tMjAyMi0wNi0wOC1hLTIyLjU4LjU2LnBuZyJ9\">\n\t\t\t\t\t\t\t<img decoding=\"async\" width=\"712\" height=\"1024\" src=\"https:\/\/etreshumainsprofessionnels.fr\/wp-content\/uploads\/2022\/06\/Capture-decran-2022-06-08-a-22.58.56-712x1024.png\" class=\"attachment-large size-large wp-image-2341\" alt=\"\" srcset=\"https:\/\/etreshumainsprofessionnels.fr\/wp-content\/uploads\/2022\/06\/Capture-decran-2022-06-08-a-22.58.56-712x1024.png 712w, https:\/\/etreshumainsprofessionnels.fr\/wp-content\/uploads\/2022\/06\/Capture-decran-2022-06-08-a-22.58.56-209x300.png 209w, https:\/\/etreshumainsprofessionnels.fr\/wp-content\/uploads\/2022\/06\/Capture-decran-2022-06-08-a-22.58.56-768x1105.png 768w, https:\/\/etreshumainsprofessionnels.fr\/wp-content\/uploads\/2022\/06\/Capture-decran-2022-06-08-a-22.58.56-1068x1536.png 1068w, https:\/\/etreshumainsprofessionnels.fr\/wp-content\/uploads\/2022\/06\/Capture-decran-2022-06-08-a-22.58.56.png 1158w\" sizes=\"(max-width: 712px) 100vw, 712px\" \/>\t\t\t\t\t\t\t\t<\/a>\n\t\t\t\t\t\t\t\t\t\t\t\t\t<\/div>\n\t\t\t\t<\/div>\n\t\t\t\t\t<\/div>\n\t\t<\/div>\n\t\t\t\t\t<\/div>\n\t\t<\/section>\n\t\t\t\t<section class=\"elementor-section elementor-top-section elementor-element elementor-element-629f09f elementor-section-boxed elementor-section-height-default elementor-section-height-default\" data-id=\"629f09f\" data-element_type=\"section\">\n\t\t\t\t\t\t<div class=\"elementor-container elementor-column-gap-default\">\n\t\t\t\t\t<div class=\"elementor-column elementor-col-100 elementor-top-column elementor-element elementor-element-b386b5a\" data-id=\"b386b5a\" data-element_type=\"column\">\n\t\t\t<div class=\"elementor-widget-wrap elementor-element-populated\">\n\t\t\t\t\t\t<div class=\"elementor-element elementor-element-fb36860 elementor-widget elementor-widget-spacer\" data-id=\"fb36860\" data-element_type=\"widget\" data-widget_type=\"spacer.default\">\n\t\t\t\t<div class=\"elementor-widget-container\">\n\t\t\t\t\t<div class=\"elementor-spacer\">\n\t\t\t<div class=\"elementor-spacer-inner\"><\/div>\n\t\t<\/div>\n\t\t\t\t<\/div>\n\t\t\t\t<\/div>\n\t\t\t\t\t<\/div>\n\t\t<\/div>\n\t\t\t\t\t<\/div>\n\t\t<\/section>\n\t\t\t\t<\/div>\n\t\t","protected":false},"excerpt":{"rendered":"<p>La Cabane spectacles sensibilise \u00e0 l\u2019espace sc\u00e9nique en tant qu\u2019espace habit\u00e9, au dedans et au dehors, au r\u00e9pertoire et au jeu th\u00e9\u00e2tral et musical. Cette structure mobile en bois, m\u00e9tal et tissu accueillera concerts, pi\u00e8ces de  th\u00e9\u00e2tre, performance, ateliers.  <\/p>\n","protected":false},"author":1,"featured_media":2328,"comment_status":"closed","ping_status":"closed","sticky":false,"template":"elementor_header_footer","format":"standard","meta":{"site-sidebar-layout":"default","site-content-layout":"default","ast-global-header-display":"","ast-banner-title-visibility":"","ast-main-header-display":"","ast-hfb-above-header-display":"","ast-hfb-below-header-display":"","ast-hfb-mobile-header-display":"","site-post-title":"","ast-breadcrumbs-content":"","ast-featured-img":"","footer-sml-layout":"","theme-transparent-header-meta":"default","adv-header-id-meta":"","stick-header-meta":"","header-above-stick-meta":"","header-main-stick-meta":"","header-below-stick-meta":""},"categories":[64,56,67,1,59],"tags":[],"_links":{"self":[{"href":"https:\/\/etreshumainsprofessionnels.fr\/index.php\/wp-json\/wp\/v2\/posts\/2355"}],"collection":[{"href":"https:\/\/etreshumainsprofessionnels.fr\/index.php\/wp-json\/wp\/v2\/posts"}],"about":[{"href":"https:\/\/etreshumainsprofessionnels.fr\/index.php\/wp-json\/wp\/v2\/types\/post"}],"author":[{"embeddable":true,"href":"https:\/\/etreshumainsprofessionnels.fr\/index.php\/wp-json\/wp\/v2\/users\/1"}],"replies":[{"embeddable":true,"href":"https:\/\/etreshumainsprofessionnels.fr\/index.php\/wp-json\/wp\/v2\/comments?post=2355"}],"version-history":[{"count":22,"href":"https:\/\/etreshumainsprofessionnels.fr\/index.php\/wp-json\/wp\/v2\/posts\/2355\/revisions"}],"predecessor-version":[{"id":2916,"href":"https:\/\/etreshumainsprofessionnels.fr\/index.php\/wp-json\/wp\/v2\/posts\/2355\/revisions\/2916"}],"wp:featuredmedia":[{"embeddable":true,"href":"https:\/\/etreshumainsprofessionnels.fr\/index.php\/wp-json\/wp\/v2\/media\/2328"}],"wp:attachment":[{"href":"https:\/\/etreshumainsprofessionnels.fr\/index.php\/wp-json\/wp\/v2\/media?parent=2355"}],"wp:term":[{"taxonomy":"category","embeddable":true,"href":"https:\/\/etreshumainsprofessionnels.fr\/index.php\/wp-json\/wp\/v2\/categories?post=2355"},{"taxonomy":"post_tag","embeddable":true,"href":"https:\/\/etreshumainsprofessionnels.fr\/index.php\/wp-json\/wp\/v2\/tags?post=2355"}],"curies":[{"name":"wp","href":"https:\/\/api.w.org\/{rel}","templated":true}]}}