{"id":2286,"date":"2021-11-19T16:18:04","date_gmt":"2021-11-19T15:18:04","guid":{"rendered":"http:\/\/etreshumainsprofessionnels.fr\/?p=2286"},"modified":"2026-01-29T14:57:21","modified_gmt":"2026-01-29T13:57:21","slug":"petit-retour-sur-les-activites-de-la-cabane-ressources-a-la-redoute","status":"publish","type":"post","link":"https:\/\/etreshumainsprofessionnels.fr\/index.php\/2021\/11\/19\/petit-retour-sur-les-activites-de-la-cabane-ressources-a-la-redoute\/","title":{"rendered":"Le festival des cabanes en images"},"content":{"rendered":"\t\t<div data-elementor-type=\"wp-post\" data-elementor-id=\"2286\" class=\"elementor elementor-2286\">\n\t\t\t\t\t\t<section class=\"elementor-section elementor-top-section elementor-element elementor-element-801351e elementor-section-boxed elementor-section-height-default elementor-section-height-default\" data-id=\"801351e\" data-element_type=\"section\">\n\t\t\t\t\t\t<div class=\"elementor-container elementor-column-gap-default\">\n\t\t\t\t\t<div class=\"elementor-column elementor-col-100 elementor-top-column elementor-element elementor-element-e8a6873\" data-id=\"e8a6873\" data-element_type=\"column\">\n\t\t\t<div class=\"elementor-widget-wrap elementor-element-populated\">\n\t\t\t\t\t\t<div class=\"elementor-element elementor-element-7a7f088 elementor-widget elementor-widget-spacer\" data-id=\"7a7f088\" data-element_type=\"widget\" data-widget_type=\"spacer.default\">\n\t\t\t\t<div class=\"elementor-widget-container\">\n\t\t\t\t\t<div class=\"elementor-spacer\">\n\t\t\t<div class=\"elementor-spacer-inner\"><\/div>\n\t\t<\/div>\n\t\t\t\t<\/div>\n\t\t\t\t<\/div>\n\t\t\t\t\t<\/div>\n\t\t<\/div>\n\t\t\t\t\t<\/div>\n\t\t<\/section>\n\t\t\t\t<section class=\"elementor-section elementor-top-section elementor-element elementor-element-d620d00 elementor-section-boxed elementor-section-height-default elementor-section-height-default\" data-id=\"d620d00\" data-element_type=\"section\">\n\t\t\t\t\t\t<div class=\"elementor-container elementor-column-gap-default\">\n\t\t\t\t\t<div class=\"elementor-column elementor-col-100 elementor-top-column elementor-element elementor-element-21aa6ce\" data-id=\"21aa6ce\" data-element_type=\"column\">\n\t\t\t<div class=\"elementor-widget-wrap elementor-element-populated\">\n\t\t\t\t\t\t<div class=\"elementor-element elementor-element-9e8c662 elementor-widget elementor-widget-heading\" data-id=\"9e8c662\" data-element_type=\"widget\" data-widget_type=\"heading.default\">\n\t\t\t\t<div class=\"elementor-widget-container\">\n\t\t\t<h3 class=\"elementor-heading-title elementor-size-large\">Le festival des cabanes en images<\/h3>\t\t<\/div>\n\t\t\t\t<\/div>\n\t\t\t\t\t<\/div>\n\t\t<\/div>\n\t\t\t\t\t<\/div>\n\t\t<\/section>\n\t\t\t\t<section class=\"elementor-section elementor-top-section elementor-element elementor-element-005333f elementor-section-boxed elementor-section-height-default elementor-section-height-default\" data-id=\"005333f\" data-element_type=\"section\">\n\t\t\t\t\t\t<div class=\"elementor-container elementor-column-gap-default\">\n\t\t\t\t\t<div class=\"elementor-column elementor-col-100 elementor-top-column elementor-element elementor-element-6e6377d\" data-id=\"6e6377d\" data-element_type=\"column\">\n\t\t\t<div class=\"elementor-widget-wrap elementor-element-populated\">\n\t\t\t\t\t\t<div class=\"elementor-element elementor-element-b24dbea bdt-skin-fedara-style-center elementor-widget elementor-widget-bdt-custom-gallery\" data-id=\"b24dbea\" data-element_type=\"widget\" data-settings=\"{&quot;columns&quot;:&quot;3&quot;,&quot;columns_tablet&quot;:&quot;2&quot;,&quot;columns_mobile&quot;:&quot;1&quot;}\" data-widget_type=\"bdt-custom-gallery.default\">\n\t\t\t\t<div class=\"elementor-widget-container\">\n\t\t\t\t\t<div id=\"bdt-custom-gallery-b24dbea\" class=\"bdt-custom-gallery bdt-skin-default bdt-grid bdt-grid-small\" data-bdt-lightbox=\"video-autoplay: true; toggle: .bdt-gallery-lightbox-item; animation:slide;\" data-settings=\"{&quot;id&quot;:&quot;#bdt-custom-gallery-b24dbea&quot;,&quot;tiltShow&quot;:false}\">\n\t\t\t\t\t\t<div class=\"bdt-gallery-item bdt-transition-toggle bdt-width-1-1 bdt-width-1-2@s bdt-width-1-3@m\">\n\t\t\t\t<div class=\"bdt-custom-gallery-inner\">\n\n\t\t\t\t\t\n\t\t\t\t\t\n\t\t\t\t\t\t\n\t\t<div class=\"bdt-gallery-thumbnail\">\n\n\t\t\t<img fetchpriority=\"high\" width=\"225\" height=\"300\" src=\"https:\/\/etreshumainsprofessionnels.fr\/wp-content\/uploads\/2026\/01\/Oumarou-balafon-225x300.jpg\" class=\"attachment-medium size-medium\" alt=\"Concert de Kank\u00e9l\u00e9\" decoding=\"async\" srcset=\"https:\/\/etreshumainsprofessionnels.fr\/wp-content\/uploads\/2026\/01\/Oumarou-balafon-225x300.jpg 225w, https:\/\/etreshumainsprofessionnels.fr\/wp-content\/uploads\/2026\/01\/Oumarou-balafon.jpg 600w\" sizes=\"(max-width: 225px) 100vw, 225px\" \/>\n\t\t<\/div>\n\t\t\t\t<div class=\"bdt-overlay bdt-overlay-default bdt-position-cover bdt-transition-fade\">\n\t\t\t<div class=\"bdt-custom-gallery-content\">\n\t\t\t\t<div class=\"bdt-custom-gallery-content-inner\">\n\n\n\n\t\t\t\t\t\t\t\t\t\t\t<div class=\"bdt-flex-inline bdt-gallery-item-link-wrapper\">\n\t\t\t\t\t\t\t<a data-elementor-open-lightbox=\"no\" href=\"https:\/\/etreshumainsprofessionnels.fr\/wp-content\/uploads\/2026\/01\/Oumarou-balafon.jpg\" class=\"bdt-gallery-item-link bdt-gallery-lightbox-item\" data-caption=\"Concert de Kank\u00e9l\u00e9\"=\"\">\n\t\t\t\t\t\t\t\t\t\t\t\t\t\t\t\t\t<i class=\"ep-icon-plus\" aria-hidden=\"true\"><\/i>\n\t\t\t\t\t\t\t\t\t\t\t\t\t\t\t<\/a>\n\t\t\t\t\t\t<\/div>\n\t\t\t\t\t\n\t\t\t\t\t\t\t<h3 class=\"bdt-gallery-item-title\n\t\t\tbdt-transition-slide-top-small\">\n\t\t\tConcert de Kank\u00e9l\u00e9\t\t<\/h3>\n\t\t\t\t<div class=\"bdt-gallery-item-text bdt-transition-slide-bottom-small\">\n\t\t2025\t\t<\/div>\n\t\t\n\t\t\t\t<\/div>\n\t\t\t<\/div>\n\t\t<\/div>\n\t\t\n\t\t\t\t\t\t\t\t\t\t<\/div>\n\t\t\t<\/div>\n\n\t\t\t\t\t<div class=\"bdt-gallery-item bdt-transition-toggle bdt-width-1-1 bdt-width-1-2@s bdt-width-1-3@m\">\n\t\t\t\t<div class=\"bdt-custom-gallery-inner\">\n\n\t\t\t\t\t\n\t\t\t\t\t\n\t\t\t\t\t\t\n\t\t<div class=\"bdt-gallery-thumbnail\">\n\n\t\t\t<img width=\"300\" height=\"225\" src=\"https:\/\/etreshumainsprofessionnels.fr\/wp-content\/uploads\/2026\/01\/OK-contes-amerindiens-300x225.jpg\" class=\"attachment-medium size-medium\" alt=\"Contes am\u00e9rindiens\" decoding=\"async\" srcset=\"https:\/\/etreshumainsprofessionnels.fr\/wp-content\/uploads\/2026\/01\/OK-contes-amerindiens-300x225.jpg 300w, https:\/\/etreshumainsprofessionnels.fr\/wp-content\/uploads\/2026\/01\/OK-contes-amerindiens-768x576.jpg 768w, https:\/\/etreshumainsprofessionnels.fr\/wp-content\/uploads\/2026\/01\/OK-contes-amerindiens.jpg 800w\" sizes=\"(max-width: 300px) 100vw, 300px\" \/>\n\t\t<\/div>\n\t\t\t\t<div class=\"bdt-overlay bdt-overlay-default bdt-position-cover bdt-transition-fade\">\n\t\t\t<div class=\"bdt-custom-gallery-content\">\n\t\t\t\t<div class=\"bdt-custom-gallery-content-inner\">\n\n\n\n\t\t\t\t\t\t\t\t\t\t\t<div class=\"bdt-flex-inline bdt-gallery-item-link-wrapper\">\n\t\t\t\t\t\t\t<a data-elementor-open-lightbox=\"no\" href=\"https:\/\/etreshumainsprofessionnels.fr\/wp-content\/uploads\/2026\/01\/OK-contes-amerindiens.jpg\" class=\"bdt-gallery-item-link bdt-gallery-lightbox-item\" data-caption=\"Contes am\u00e9rindiens\"=\"\">\n\t\t\t\t\t\t\t\t\t\t\t\t\t\t\t\t\t<i class=\"ep-icon-plus\" aria-hidden=\"true\"><\/i>\n\t\t\t\t\t\t\t\t\t\t\t\t\t\t\t<\/a>\n\t\t\t\t\t\t<\/div>\n\t\t\t\t\t\n\t\t\t\t\t\t\t<h3 class=\"bdt-gallery-item-title\n\t\t\tbdt-transition-slide-top-small\">\n\t\t\tContes am\u00e9rindiens\t\t<\/h3>\n\t\t\t\t<div class=\"bdt-gallery-item-text bdt-transition-slide-bottom-small\">\n\t\t2025\t\t<\/div>\n\t\t\n\t\t\t\t<\/div>\n\t\t\t<\/div>\n\t\t<\/div>\n\t\t\n\t\t\t\t\t\t\t\t\t\t<\/div>\n\t\t\t<\/div>\n\n\t\t\t\t\t<div class=\"bdt-gallery-item bdt-transition-toggle bdt-width-1-1 bdt-width-1-2@s bdt-width-1-3@m\">\n\t\t\t\t<div class=\"bdt-custom-gallery-inner\">\n\n\t\t\t\t\t\n\t\t\t\t\t\n\t\t\t\t\t\t\n\t\t<div class=\"bdt-gallery-thumbnail\">\n\n\t\t\t<img width=\"225\" height=\"300\" src=\"https:\/\/etreshumainsprofessionnels.fr\/wp-content\/uploads\/2026\/01\/I-CARBONARI-225x300.jpg\" class=\"attachment-medium size-medium\" alt=\"Concert d&#039;I Carbonari\" decoding=\"async\" srcset=\"https:\/\/etreshumainsprofessionnels.fr\/wp-content\/uploads\/2026\/01\/I-CARBONARI-225x300.jpg 225w, https:\/\/etreshumainsprofessionnels.fr\/wp-content\/uploads\/2026\/01\/I-CARBONARI.jpg 600w\" sizes=\"(max-width: 225px) 100vw, 225px\" \/>\n\t\t<\/div>\n\t\t\t\t<div class=\"bdt-overlay bdt-overlay-default bdt-position-cover bdt-transition-fade\">\n\t\t\t<div class=\"bdt-custom-gallery-content\">\n\t\t\t\t<div class=\"bdt-custom-gallery-content-inner\">\n\n\n\n\t\t\t\t\t\t\t\t\t\t\t<div class=\"bdt-flex-inline bdt-gallery-item-link-wrapper\">\n\t\t\t\t\t\t\t<a data-elementor-open-lightbox=\"no\" href=\"https:\/\/etreshumainsprofessionnels.fr\/wp-content\/uploads\/2026\/01\/I-CARBONARI.jpg\" class=\"bdt-gallery-item-link bdt-gallery-lightbox-item\" data-caption=\"Concert d&#039;I Carbonari\"=\"\">\n\t\t\t\t\t\t\t\t\t\t\t\t\t\t\t\t\t<i class=\"ep-icon-plus\" aria-hidden=\"true\"><\/i>\n\t\t\t\t\t\t\t\t\t\t\t\t\t\t\t<\/a>\n\t\t\t\t\t\t<\/div>\n\t\t\t\t\t\n\t\t\t\t\t\t\t<h3 class=\"bdt-gallery-item-title\n\t\t\tbdt-transition-slide-top-small\">\n\t\t\tConcert d'I Carbonari\t\t<\/h3>\n\t\t\t\t<div class=\"bdt-gallery-item-text bdt-transition-slide-bottom-small\">\n\t\tDanses du sud de l'Italie, 2025\t\t<\/div>\n\t\t\n\t\t\t\t<\/div>\n\t\t\t<\/div>\n\t\t<\/div>\n\t\t\n\t\t\t\t\t\t\t\t\t\t<\/div>\n\t\t\t<\/div>\n\n\t\t\t\t\t<div class=\"bdt-gallery-item bdt-transition-toggle bdt-width-1-1 bdt-width-1-2@s bdt-width-1-3@m\">\n\t\t\t\t<div class=\"bdt-custom-gallery-inner\">\n\n\t\t\t\t\t\n\t\t\t\t\t\n\t\t\t\t\t\t\n\t\t<div class=\"bdt-gallery-thumbnail\">\n\n\t\t\t<img loading=\"lazy\" width=\"225\" height=\"300\" src=\"https:\/\/etreshumainsprofessionnels.fr\/wp-content\/uploads\/2026\/01\/Tipi-vide-225x300.jpg\" class=\"attachment-medium size-medium\" alt=\"Tipi\" decoding=\"async\" srcset=\"https:\/\/etreshumainsprofessionnels.fr\/wp-content\/uploads\/2026\/01\/Tipi-vide-225x300.jpg 225w, https:\/\/etreshumainsprofessionnels.fr\/wp-content\/uploads\/2026\/01\/Tipi-vide.jpg 600w\" sizes=\"(max-width: 225px) 100vw, 225px\" \/>\n\t\t<\/div>\n\t\t\t\t<div class=\"bdt-overlay bdt-overlay-default bdt-position-cover bdt-transition-fade\">\n\t\t\t<div class=\"bdt-custom-gallery-content\">\n\t\t\t\t<div class=\"bdt-custom-gallery-content-inner\">\n\n\n\n\t\t\t\t\t\t\t\t\t\t\t<div class=\"bdt-flex-inline bdt-gallery-item-link-wrapper\">\n\t\t\t\t\t\t\t<a data-elementor-open-lightbox=\"no\" href=\"https:\/\/etreshumainsprofessionnels.fr\/wp-content\/uploads\/2026\/01\/Tipi-vide.jpg\" class=\"bdt-gallery-item-link bdt-gallery-lightbox-item\" data-caption=\"Tipi\"=\"\">\n\t\t\t\t\t\t\t\t\t\t\t\t\t\t\t\t\t<i class=\"ep-icon-plus\" aria-hidden=\"true\"><\/i>\n\t\t\t\t\t\t\t\t\t\t\t\t\t\t\t<\/a>\n\t\t\t\t\t\t<\/div>\n\t\t\t\t\t\n\t\t\t\t\t\t\t<h3 class=\"bdt-gallery-item-title\n\t\t\tbdt-transition-slide-top-small\">\n\t\t\tTipi\t\t<\/h3>\n\t\t\t\t<div class=\"bdt-gallery-item-text bdt-transition-slide-bottom-small\">\n\t\t2025\t\t<\/div>\n\t\t\n\t\t\t\t<\/div>\n\t\t\t<\/div>\n\t\t<\/div>\n\t\t\n\t\t\t\t\t\t\t\t\t\t<\/div>\n\t\t\t<\/div>\n\n\t\t\t\t\t<div class=\"bdt-gallery-item bdt-transition-toggle bdt-width-1-1 bdt-width-1-2@s bdt-width-1-3@m\">\n\t\t\t\t<div class=\"bdt-custom-gallery-inner\">\n\n\t\t\t\t\t\n\t\t\t\t\t\n\t\t\t\t\t\t\n\t\t<div class=\"bdt-gallery-thumbnail\">\n\n\t\t\t<img loading=\"lazy\" width=\"300\" height=\"225\" src=\"https:\/\/etreshumainsprofessionnels.fr\/wp-content\/uploads\/2026\/01\/Public-27-juin-300x225.jpg\" class=\"attachment-medium size-medium\" alt=\"Vue de la sc\u00e8ne devant le th\u00e9\u00e2tre\" decoding=\"async\" srcset=\"https:\/\/etreshumainsprofessionnels.fr\/wp-content\/uploads\/2026\/01\/Public-27-juin-300x225.jpg 300w, https:\/\/etreshumainsprofessionnels.fr\/wp-content\/uploads\/2026\/01\/Public-27-juin-768x576.jpg 768w, https:\/\/etreshumainsprofessionnels.fr\/wp-content\/uploads\/2026\/01\/Public-27-juin.jpg 800w\" sizes=\"(max-width: 300px) 100vw, 300px\" \/>\n\t\t<\/div>\n\t\t\t\t<div class=\"bdt-overlay bdt-overlay-default bdt-position-cover bdt-transition-fade\">\n\t\t\t<div class=\"bdt-custom-gallery-content\">\n\t\t\t\t<div class=\"bdt-custom-gallery-content-inner\">\n\n\n\n\t\t\t\t\t\t\t\t\t\t\t<div class=\"bdt-flex-inline bdt-gallery-item-link-wrapper\">\n\t\t\t\t\t\t\t<a data-elementor-open-lightbox=\"no\" href=\"https:\/\/etreshumainsprofessionnels.fr\/wp-content\/uploads\/2026\/01\/Public-27-juin.jpg\" class=\"bdt-gallery-item-link bdt-gallery-lightbox-item\" data-caption=\"Vue de la sc\u00e8ne devant le th\u00e9\u00e2tre\"=\"\">\n\t\t\t\t\t\t\t\t\t\t\t\t\t\t\t\t\t<i class=\"ep-icon-plus\" aria-hidden=\"true\"><\/i>\n\t\t\t\t\t\t\t\t\t\t\t\t\t\t\t<\/a>\n\t\t\t\t\t\t<\/div>\n\t\t\t\t\t\n\t\t\t\t\t\t\t<h3 class=\"bdt-gallery-item-title\n\t\t\tbdt-transition-slide-top-small\">\n\t\t\tVue de la sc\u00e8ne devant le th\u00e9\u00e2tre\t\t<\/h3>\n\t\t\t\t<div class=\"bdt-gallery-item-text bdt-transition-slide-bottom-small\">\n\t\t\t\t<\/div>\n\t\t\n\t\t\t\t<\/div>\n\t\t\t<\/div>\n\t\t<\/div>\n\t\t\n\t\t\t\t\t\t\t\t\t\t<\/div>\n\t\t\t<\/div>\n\n\t\t\t\t\t<div class=\"bdt-gallery-item bdt-transition-toggle bdt-width-1-1 bdt-width-1-2@s bdt-width-1-3@m\">\n\t\t\t\t<div class=\"bdt-custom-gallery-inner\">\n\n\t\t\t\t\t\n\t\t\t\t\t\n\t\t\t\t\t\t\n\t\t<div class=\"bdt-gallery-thumbnail\">\n\n\t\t\t<img loading=\"lazy\" width=\"225\" height=\"300\" src=\"https:\/\/etreshumainsprofessionnels.fr\/wp-content\/uploads\/2026\/01\/Ingredients-et-matieres-Atelier-Pamela--225x300.jpg\" class=\"attachment-medium size-medium\" alt=\"Activit\u00e9 Terre\" decoding=\"async\" srcset=\"https:\/\/etreshumainsprofessionnels.fr\/wp-content\/uploads\/2026\/01\/Ingredients-et-matieres-Atelier-Pamela--225x300.jpg 225w, https:\/\/etreshumainsprofessionnels.fr\/wp-content\/uploads\/2026\/01\/Ingredients-et-matieres-Atelier-Pamela-.jpg 600w\" sizes=\"(max-width: 225px) 100vw, 225px\" \/>\n\t\t<\/div>\n\t\t\t\t<div class=\"bdt-overlay bdt-overlay-default bdt-position-cover bdt-transition-fade\">\n\t\t\t<div class=\"bdt-custom-gallery-content\">\n\t\t\t\t<div class=\"bdt-custom-gallery-content-inner\">\n\n\n\n\t\t\t\t\t\t\t\t\t\t\t<div class=\"bdt-flex-inline bdt-gallery-item-link-wrapper\">\n\t\t\t\t\t\t\t<a data-elementor-open-lightbox=\"no\" href=\"https:\/\/etreshumainsprofessionnels.fr\/wp-content\/uploads\/2026\/01\/Ingredients-et-matieres-Atelier-Pamela-.jpg\" class=\"bdt-gallery-item-link bdt-gallery-lightbox-item\" data-caption=\"Activit\u00e9 Terre\"=\"\">\n\t\t\t\t\t\t\t\t\t\t\t\t\t\t\t\t\t<i class=\"ep-icon-plus\" aria-hidden=\"true\"><\/i>\n\t\t\t\t\t\t\t\t\t\t\t\t\t\t\t<\/a>\n\t\t\t\t\t\t<\/div>\n\t\t\t\t\t\n\t\t\t\t\t\t\t<h3 class=\"bdt-gallery-item-title\n\t\t\tbdt-transition-slide-top-small\">\n\t\t\tActivit\u00e9 Terre\t\t<\/h3>\n\t\t\t\t<div class=\"bdt-gallery-item-text bdt-transition-slide-bottom-small\">\n\t\t2025\t\t<\/div>\n\t\t\n\t\t\t\t<\/div>\n\t\t\t<\/div>\n\t\t<\/div>\n\t\t\n\t\t\t\t\t\t\t\t\t\t<\/div>\n\t\t\t<\/div>\n\n\t\t\t\t\t<div class=\"bdt-gallery-item bdt-transition-toggle bdt-width-1-1 bdt-width-1-2@s bdt-width-1-3@m\">\n\t\t\t\t<div class=\"bdt-custom-gallery-inner\">\n\n\t\t\t\t\t\n\t\t\t\t\t\n\t\t\t\t\t\t\n\t\t<div class=\"bdt-gallery-thumbnail\">\n\n\t\t\t<img loading=\"lazy\" width=\"300\" height=\"225\" src=\"https:\/\/etreshumainsprofessionnels.fr\/wp-content\/uploads\/2026\/01\/Danse-trad-Nicaragua-couleur-300x225.jpg\" class=\"attachment-medium size-medium\" alt=\"Impromptu\" decoding=\"async\" srcset=\"https:\/\/etreshumainsprofessionnels.fr\/wp-content\/uploads\/2026\/01\/Danse-trad-Nicaragua-couleur-300x225.jpg 300w, https:\/\/etreshumainsprofessionnels.fr\/wp-content\/uploads\/2026\/01\/Danse-trad-Nicaragua-couleur-768x576.jpg 768w, https:\/\/etreshumainsprofessionnels.fr\/wp-content\/uploads\/2026\/01\/Danse-trad-Nicaragua-couleur.jpg 800w\" sizes=\"(max-width: 300px) 100vw, 300px\" \/>\n\t\t<\/div>\n\t\t\t\t<div class=\"bdt-overlay bdt-overlay-default bdt-position-cover bdt-transition-fade\">\n\t\t\t<div class=\"bdt-custom-gallery-content\">\n\t\t\t\t<div class=\"bdt-custom-gallery-content-inner\">\n\n\n\n\t\t\t\t\t\t\t\t\t\t\t<div class=\"bdt-flex-inline bdt-gallery-item-link-wrapper\">\n\t\t\t\t\t\t\t<a data-elementor-open-lightbox=\"no\" href=\"https:\/\/etreshumainsprofessionnels.fr\/wp-content\/uploads\/2026\/01\/Danse-trad-Nicaragua-couleur.jpg\" class=\"bdt-gallery-item-link bdt-gallery-lightbox-item\" data-caption=\"Impromptu\"=\"\">\n\t\t\t\t\t\t\t\t\t\t\t\t\t\t\t\t\t<i class=\"ep-icon-plus\" aria-hidden=\"true\"><\/i>\n\t\t\t\t\t\t\t\t\t\t\t\t\t\t\t<\/a>\n\t\t\t\t\t\t<\/div>\n\t\t\t\t\t\n\t\t\t\t\t\t\t<h3 class=\"bdt-gallery-item-title\n\t\t\tbdt-transition-slide-top-small\">\n\t\t\tImpromptu\t\t<\/h3>\n\t\t\t\t<div class=\"bdt-gallery-item-text bdt-transition-slide-bottom-small\">\n\t\t danses traditionnelles du V\u00e9n\u00e9zuela, 2025\t\t<\/div>\n\t\t\n\t\t\t\t<\/div>\n\t\t\t<\/div>\n\t\t<\/div>\n\t\t\n\t\t\t\t\t\t\t\t\t\t<\/div>\n\t\t\t<\/div>\n\n\t\t\t\t\t<div class=\"bdt-gallery-item bdt-transition-toggle bdt-width-1-1 bdt-width-1-2@s bdt-width-1-3@m\">\n\t\t\t\t<div class=\"bdt-custom-gallery-inner\">\n\n\t\t\t\t\t\n\t\t\t\t\t\n\t\t\t\t\t\t\n\t\t<div class=\"bdt-gallery-thumbnail\">\n\n\t\t\t<img loading=\"lazy\" width=\"225\" height=\"300\" src=\"https:\/\/etreshumainsprofessionnels.fr\/wp-content\/uploads\/2026\/01\/OK-atelier-Pamela-225x300.jpg\" class=\"attachment-medium size-medium\" alt=\"Activit\u00e9 terre\" decoding=\"async\" srcset=\"https:\/\/etreshumainsprofessionnels.fr\/wp-content\/uploads\/2026\/01\/OK-atelier-Pamela-225x300.jpg 225w, https:\/\/etreshumainsprofessionnels.fr\/wp-content\/uploads\/2026\/01\/OK-atelier-Pamela.jpg 600w\" sizes=\"(max-width: 225px) 100vw, 225px\" \/>\n\t\t<\/div>\n\t\t\t\t<div class=\"bdt-overlay bdt-overlay-default bdt-position-cover bdt-transition-fade\">\n\t\t\t<div class=\"bdt-custom-gallery-content\">\n\t\t\t\t<div class=\"bdt-custom-gallery-content-inner\">\n\n\n\n\t\t\t\t\t\t\t\t\t\t\t<div class=\"bdt-flex-inline bdt-gallery-item-link-wrapper\">\n\t\t\t\t\t\t\t<a data-elementor-open-lightbox=\"no\" href=\"https:\/\/etreshumainsprofessionnels.fr\/wp-content\/uploads\/2026\/01\/OK-atelier-Pamela.jpg\" class=\"bdt-gallery-item-link bdt-gallery-lightbox-item\" data-caption=\"Activit\u00e9 terre\"=\"\">\n\t\t\t\t\t\t\t\t\t\t\t\t\t\t\t\t\t<i class=\"ep-icon-plus\" aria-hidden=\"true\"><\/i>\n\t\t\t\t\t\t\t\t\t\t\t\t\t\t\t<\/a>\n\t\t\t\t\t\t<\/div>\n\t\t\t\t\t\n\t\t\t\t\t\t\t<h3 class=\"bdt-gallery-item-title\n\t\t\tbdt-transition-slide-top-small\">\n\t\t\tActivit\u00e9 terre\t\t<\/h3>\n\t\t\t\t<div class=\"bdt-gallery-item-text bdt-transition-slide-bottom-small\">\n\t\t2025\t\t<\/div>\n\t\t\n\t\t\t\t<\/div>\n\t\t\t<\/div>\n\t\t<\/div>\n\t\t\n\t\t\t\t\t\t\t\t\t\t<\/div>\n\t\t\t<\/div>\n\n\t\t\t\t\t<div class=\"bdt-gallery-item bdt-transition-toggle bdt-width-1-1 bdt-width-1-2@s bdt-width-1-3@m\">\n\t\t\t\t<div class=\"bdt-custom-gallery-inner\">\n\n\t\t\t\t\t\n\t\t\t\t\t\n\t\t\t\t\t\t\n\t\t<div class=\"bdt-gallery-thumbnail\">\n\n\t\t\t<img loading=\"lazy\" width=\"225\" height=\"300\" src=\"https:\/\/etreshumainsprofessionnels.fr\/wp-content\/uploads\/2026\/01\/OK-chanteuses-Kankele-225x300.jpg\" class=\"attachment-medium size-medium\" alt=\"Concert d&#039;I Carbonari\" decoding=\"async\" srcset=\"https:\/\/etreshumainsprofessionnels.fr\/wp-content\/uploads\/2026\/01\/OK-chanteuses-Kankele-225x300.jpg 225w, https:\/\/etreshumainsprofessionnels.fr\/wp-content\/uploads\/2026\/01\/OK-chanteuses-Kankele.jpg 600w\" sizes=\"(max-width: 225px) 100vw, 225px\" \/>\n\t\t<\/div>\n\t\t\t\t<div class=\"bdt-overlay bdt-overlay-default bdt-position-cover bdt-transition-fade\">\n\t\t\t<div class=\"bdt-custom-gallery-content\">\n\t\t\t\t<div class=\"bdt-custom-gallery-content-inner\">\n\n\n\n\t\t\t\t\t\t\t\t\t\t\t<div class=\"bdt-flex-inline bdt-gallery-item-link-wrapper\">\n\t\t\t\t\t\t\t<a data-elementor-open-lightbox=\"no\" href=\"https:\/\/etreshumainsprofessionnels.fr\/wp-content\/uploads\/2026\/01\/OK-chanteuses-Kankele.jpg\" class=\"bdt-gallery-item-link bdt-gallery-lightbox-item\" data-caption=\"Concert d&#039;I Carbonari\"=\"\">\n\t\t\t\t\t\t\t\t\t\t\t\t\t\t\t\t\t<i class=\"ep-icon-plus\" aria-hidden=\"true\"><\/i>\n\t\t\t\t\t\t\t\t\t\t\t\t\t\t\t<\/a>\n\t\t\t\t\t\t<\/div>\n\t\t\t\t\t\n\t\t\t\t\t\t\t<h3 class=\"bdt-gallery-item-title\n\t\t\tbdt-transition-slide-top-small\">\n\t\t\tConcert d'I Carbonari\t\t<\/h3>\n\t\t\t\t<div class=\"bdt-gallery-item-text bdt-transition-slide-bottom-small\">\n\t\t2025\t\t<\/div>\n\t\t\n\t\t\t\t<\/div>\n\t\t\t<\/div>\n\t\t<\/div>\n\t\t\n\t\t\t\t\t\t\t\t\t\t<\/div>\n\t\t\t<\/div>\n\n\t\t\t\t\t<div class=\"bdt-gallery-item bdt-transition-toggle bdt-width-1-1 bdt-width-1-2@s bdt-width-1-3@m\">\n\t\t\t\t<div class=\"bdt-custom-gallery-inner\">\n\n\t\t\t\t\t\n\t\t\t\t\t\n\t\t\t\t\t\t\n\t\t<div class=\"bdt-gallery-thumbnail\">\n\n\t\t\t<img loading=\"lazy\" width=\"300\" height=\"225\" src=\"https:\/\/etreshumainsprofessionnels.fr\/wp-content\/uploads\/2023\/05\/1685001432180-300x225.jpg\" class=\"attachment-medium size-medium\" alt=\"Piano ambulant avec Fabio \" decoding=\"async\" srcset=\"https:\/\/etreshumainsprofessionnels.fr\/wp-content\/uploads\/2023\/05\/1685001432180-300x225.jpg 300w, https:\/\/etreshumainsprofessionnels.fr\/wp-content\/uploads\/2023\/05\/1685001432180-1024x768.jpg 1024w, https:\/\/etreshumainsprofessionnels.fr\/wp-content\/uploads\/2023\/05\/1685001432180-768x576.jpg 768w, https:\/\/etreshumainsprofessionnels.fr\/wp-content\/uploads\/2023\/05\/1685001432180-1536x1152.jpg 1536w, https:\/\/etreshumainsprofessionnels.fr\/wp-content\/uploads\/2023\/05\/1685001432180.jpg 1600w\" sizes=\"(max-width: 300px) 100vw, 300px\" \/>\n\t\t<\/div>\n\t\t\t\t<div class=\"bdt-overlay bdt-overlay-default bdt-position-cover bdt-transition-fade\">\n\t\t\t<div class=\"bdt-custom-gallery-content\">\n\t\t\t\t<div class=\"bdt-custom-gallery-content-inner\">\n\n\n\n\t\t\t\t\t\t\t\t\t\t\t<div class=\"bdt-flex-inline bdt-gallery-item-link-wrapper\">\n\t\t\t\t\t\t\t<a data-elementor-open-lightbox=\"no\" href=\"https:\/\/etreshumainsprofessionnels.fr\/wp-content\/uploads\/2023\/05\/1685001432180.jpg\" class=\"bdt-gallery-item-link bdt-gallery-lightbox-item\" data-caption=\"Piano ambulant avec Fabio \"=\"\">\n\t\t\t\t\t\t\t\t\t\t\t\t\t\t\t\t\t<i class=\"ep-icon-plus\" aria-hidden=\"true\"><\/i>\n\t\t\t\t\t\t\t\t\t\t\t\t\t\t\t<\/a>\n\t\t\t\t\t\t<\/div>\n\t\t\t\t\t\n\t\t\t\t\t\t\t<h3 class=\"bdt-gallery-item-title\n\t\t\tbdt-transition-slide-top-small\">\n\t\t\tPiano ambulant avec Fabio \t\t<\/h3>\n\t\t\t\t<div class=\"bdt-gallery-item-text bdt-transition-slide-bottom-small\">\n\t\tD\u00e9sacraliser l'instrument piano \/ Improvisation \/ d\u00e9ambulation\t\t<\/div>\n\t\t\n\t\t\t\t<\/div>\n\t\t\t<\/div>\n\t\t<\/div>\n\t\t\n\t\t\t\t\t\t\t\t\t\t<\/div>\n\t\t\t<\/div>\n\n\t\t\t\t\t<div class=\"bdt-gallery-item bdt-transition-toggle bdt-width-1-1 bdt-width-1-2@s bdt-width-1-3@m\">\n\t\t\t\t<div class=\"bdt-custom-gallery-inner\">\n\n\t\t\t\t\t\n\t\t\t\t\t\n\t\t\t\t\t\t\n\t\t<div class=\"bdt-gallery-thumbnail\">\n\n\t\t\t<img loading=\"lazy\" width=\"211\" height=\"300\" src=\"https:\/\/etreshumainsprofessionnels.fr\/wp-content\/uploads\/2025\/06\/Capture-decran-2025-06-11-a-11.17.06-211x300.png\" class=\"attachment-medium size-medium\" alt=\"Affiche de l&#039;\u00e9dition 2025\" decoding=\"async\" srcset=\"https:\/\/etreshumainsprofessionnels.fr\/wp-content\/uploads\/2025\/06\/Capture-decran-2025-06-11-a-11.17.06-211x300.png 211w, https:\/\/etreshumainsprofessionnels.fr\/wp-content\/uploads\/2025\/06\/Capture-decran-2025-06-11-a-11.17.06-721x1024.png 721w, https:\/\/etreshumainsprofessionnels.fr\/wp-content\/uploads\/2025\/06\/Capture-decran-2025-06-11-a-11.17.06-768x1090.png 768w, https:\/\/etreshumainsprofessionnels.fr\/wp-content\/uploads\/2025\/06\/Capture-decran-2025-06-11-a-11.17.06-1082x1536.png 1082w, https:\/\/etreshumainsprofessionnels.fr\/wp-content\/uploads\/2025\/06\/Capture-decran-2025-06-11-a-11.17.06.png 1192w\" sizes=\"(max-width: 211px) 100vw, 211px\" \/>\n\t\t<\/div>\n\t\t\t\t<div class=\"bdt-overlay bdt-overlay-default bdt-position-cover bdt-transition-fade\">\n\t\t\t<div class=\"bdt-custom-gallery-content\">\n\t\t\t\t<div class=\"bdt-custom-gallery-content-inner\">\n\n\n\n\t\t\t\t\t\t\t\t\t\t\t<div class=\"bdt-flex-inline bdt-gallery-item-link-wrapper\">\n\t\t\t\t\t\t\t<a data-elementor-open-lightbox=\"no\" href=\"https:\/\/etreshumainsprofessionnels.fr\/wp-content\/uploads\/2025\/06\/Capture-decran-2025-06-11-a-11.17.06.png\" class=\"bdt-gallery-item-link bdt-gallery-lightbox-item\" data-caption=\"Affiche de l&#039;\u00e9dition 2025\"=\"\">\n\t\t\t\t\t\t\t\t\t\t\t\t\t\t\t\t\t<i class=\"ep-icon-plus\" aria-hidden=\"true\"><\/i>\n\t\t\t\t\t\t\t\t\t\t\t\t\t\t\t<\/a>\n\t\t\t\t\t\t<\/div>\n\t\t\t\t\t\n\t\t\t\t\t\t\t<h3 class=\"bdt-gallery-item-title\n\t\t\tbdt-transition-slide-top-small\">\n\t\t\tAffiche de l'\u00e9dition 2025\t\t<\/h3>\n\t\t\t\t<div class=\"bdt-gallery-item-text bdt-transition-slide-bottom-small\">\n\t\t\t\t<\/div>\n\t\t\n\t\t\t\t<\/div>\n\t\t\t<\/div>\n\t\t<\/div>\n\t\t\n\t\t\t\t\t\t\t\t\t\t<\/div>\n\t\t\t<\/div>\n\n\t\t\t\t\t<div class=\"bdt-gallery-item bdt-transition-toggle bdt-width-1-1 bdt-width-1-2@s bdt-width-1-3@m\">\n\t\t\t\t<div class=\"bdt-custom-gallery-inner\">\n\n\t\t\t\t\t\n\t\t\t\t\t\n\t\t\t\t\t\t\n\t\t<div class=\"bdt-gallery-thumbnail\">\n\n\t\t\t<img loading=\"lazy\" width=\"220\" height=\"300\" src=\"https:\/\/etreshumainsprofessionnels.fr\/wp-content\/uploads\/2025\/06\/Capture-decran-2025-06-11-a-11.17.17-220x300.png\" class=\"attachment-medium size-medium\" alt=\"Programme de l&#039;\u00e9dition 2025\" decoding=\"async\" srcset=\"https:\/\/etreshumainsprofessionnels.fr\/wp-content\/uploads\/2025\/06\/Capture-decran-2025-06-11-a-11.17.17-220x300.png 220w, https:\/\/etreshumainsprofessionnels.fr\/wp-content\/uploads\/2025\/06\/Capture-decran-2025-06-11-a-11.17.17-751x1024.png 751w, https:\/\/etreshumainsprofessionnels.fr\/wp-content\/uploads\/2025\/06\/Capture-decran-2025-06-11-a-11.17.17-768x1048.png 768w, https:\/\/etreshumainsprofessionnels.fr\/wp-content\/uploads\/2025\/06\/Capture-decran-2025-06-11-a-11.17.17-1126x1536.png 1126w, https:\/\/etreshumainsprofessionnels.fr\/wp-content\/uploads\/2025\/06\/Capture-decran-2025-06-11-a-11.17.17.png 1224w\" sizes=\"(max-width: 220px) 100vw, 220px\" \/>\n\t\t<\/div>\n\t\t\t\t<div class=\"bdt-overlay bdt-overlay-default bdt-position-cover bdt-transition-fade\">\n\t\t\t<div class=\"bdt-custom-gallery-content\">\n\t\t\t\t<div class=\"bdt-custom-gallery-content-inner\">\n\n\n\n\t\t\t\t\t\t\t\t\t\t\t<div class=\"bdt-flex-inline bdt-gallery-item-link-wrapper\">\n\t\t\t\t\t\t\t<a data-elementor-open-lightbox=\"no\" href=\"https:\/\/etreshumainsprofessionnels.fr\/wp-content\/uploads\/2025\/06\/Capture-decran-2025-06-11-a-11.17.17.png\" class=\"bdt-gallery-item-link bdt-gallery-lightbox-item\" data-caption=\"Programme de l&#039;\u00e9dition 2025\"=\"\">\n\t\t\t\t\t\t\t\t\t\t\t\t\t\t\t\t\t<i class=\"ep-icon-plus\" aria-hidden=\"true\"><\/i>\n\t\t\t\t\t\t\t\t\t\t\t\t\t\t\t<\/a>\n\t\t\t\t\t\t<\/div>\n\t\t\t\t\t\n\t\t\t\t\t\t\t<h3 class=\"bdt-gallery-item-title\n\t\t\tbdt-transition-slide-top-small\">\n\t\t\tProgramme de l'\u00e9dition 2025\t\t<\/h3>\n\t\t\t\t<div class=\"bdt-gallery-item-text bdt-transition-slide-bottom-small\">\n\t\t\t\t<\/div>\n\t\t\n\t\t\t\t<\/div>\n\t\t\t<\/div>\n\t\t<\/div>\n\t\t\n\t\t\t\t\t\t\t\t\t\t<\/div>\n\t\t\t<\/div>\n\n\t\t\t\t\t<div class=\"bdt-gallery-item bdt-transition-toggle bdt-width-1-1 bdt-width-1-2@s bdt-width-1-3@m\">\n\t\t\t\t<div class=\"bdt-custom-gallery-inner\">\n\n\t\t\t\t\t\n\t\t\t\t\t\n\t\t\t\t\t\t\n\t\t<div class=\"bdt-gallery-thumbnail\">\n\n\t\t\t<img loading=\"lazy\" width=\"225\" height=\"300\" src=\"https:\/\/etreshumainsprofessionnels.fr\/wp-content\/uploads\/2021\/11\/Copie-de-Copy-of-Photo-cabane-8-225x300.jpg\" class=\"attachment-medium size-medium\" alt=\"Pr\u00e9paration du festival\" decoding=\"async\" srcset=\"https:\/\/etreshumainsprofessionnels.fr\/wp-content\/uploads\/2021\/11\/Copie-de-Copy-of-Photo-cabane-8-225x300.jpg 225w, https:\/\/etreshumainsprofessionnels.fr\/wp-content\/uploads\/2021\/11\/Copie-de-Copy-of-Photo-cabane-8-768x1024.jpg 768w, https:\/\/etreshumainsprofessionnels.fr\/wp-content\/uploads\/2021\/11\/Copie-de-Copy-of-Photo-cabane-8-1152x1536.jpg 1152w, https:\/\/etreshumainsprofessionnels.fr\/wp-content\/uploads\/2021\/11\/Copie-de-Copy-of-Photo-cabane-8-1536x2048.jpg 1536w, https:\/\/etreshumainsprofessionnels.fr\/wp-content\/uploads\/2021\/11\/Copie-de-Copy-of-Photo-cabane-8-scaled.jpg 1920w\" sizes=\"(max-width: 225px) 100vw, 225px\" \/>\n\t\t<\/div>\n\t\t\t\t<div class=\"bdt-overlay bdt-overlay-default bdt-position-cover bdt-transition-fade\">\n\t\t\t<div class=\"bdt-custom-gallery-content\">\n\t\t\t\t<div class=\"bdt-custom-gallery-content-inner\">\n\n\n\n\t\t\t\t\t\t\t\t\t\t\t<div class=\"bdt-flex-inline bdt-gallery-item-link-wrapper\">\n\t\t\t\t\t\t\t<a data-elementor-open-lightbox=\"no\" href=\"https:\/\/etreshumainsprofessionnels.fr\/wp-content\/uploads\/2021\/11\/Copie-de-Copy-of-Photo-cabane-8-scaled.jpg\" class=\"bdt-gallery-item-link bdt-gallery-lightbox-item\" data-caption=\"Pr\u00e9paration du festival\"=\"\">\n\t\t\t\t\t\t\t\t\t\t\t\t\t\t\t\t\t<i class=\"ep-icon-plus\" aria-hidden=\"true\"><\/i>\n\t\t\t\t\t\t\t\t\t\t\t\t\t\t\t<\/a>\n\t\t\t\t\t\t<\/div>\n\t\t\t\t\t\n\t\t\t\t\t\t\t<h3 class=\"bdt-gallery-item-title\n\t\t\tbdt-transition-slide-top-small\">\n\t\t\tPr\u00e9paration du festival\t\t<\/h3>\n\t\t\t\t<div class=\"bdt-gallery-item-text bdt-transition-slide-bottom-small\">\n\t\tOn d\u00e9roule les tissus pour les couper. \t\t<\/div>\n\t\t\n\t\t\t\t<\/div>\n\t\t\t<\/div>\n\t\t<\/div>\n\t\t\n\t\t\t\t\t\t\t\t\t\t<\/div>\n\t\t\t<\/div>\n\n\t\t\t\t\t<div class=\"bdt-gallery-item bdt-transition-toggle bdt-width-1-1 bdt-width-1-2@s bdt-width-1-3@m\">\n\t\t\t\t<div class=\"bdt-custom-gallery-inner\">\n\n\t\t\t\t\t\n\t\t\t\t\t\n\t\t\t\t\t\t\n\t\t<div class=\"bdt-gallery-thumbnail\">\n\n\t\t\t<img loading=\"lazy\" width=\"225\" height=\"300\" src=\"https:\/\/etreshumainsprofessionnels.fr\/wp-content\/uploads\/2026\/01\/Maman-bebe-225x300.jpg\" class=\"attachment-medium size-medium\" alt=\"\" decoding=\"async\" srcset=\"https:\/\/etreshumainsprofessionnels.fr\/wp-content\/uploads\/2026\/01\/Maman-bebe-225x300.jpg 225w, https:\/\/etreshumainsprofessionnels.fr\/wp-content\/uploads\/2026\/01\/Maman-bebe.jpg 600w\" sizes=\"(max-width: 225px) 100vw, 225px\" \/>\n\t\t<\/div>\n\t\t\t\t<div class=\"bdt-overlay bdt-overlay-default bdt-position-cover bdt-transition-fade\">\n\t\t\t<div class=\"bdt-custom-gallery-content\">\n\t\t\t\t<div class=\"bdt-custom-gallery-content-inner\">\n\n\n\n\t\t\t\t\t\t\t\t\t\t\t<div class=\"bdt-flex-inline bdt-gallery-item-link-wrapper\">\n\t\t\t\t\t\t\t<a data-elementor-open-lightbox=\"no\" href=\"https:\/\/etreshumainsprofessionnels.fr\/wp-content\/uploads\/2026\/01\/Maman-bebe.jpg\" class=\"bdt-gallery-item-link bdt-gallery-lightbox-item\" data-caption=\"\"=\"\">\n\t\t\t\t\t\t\t\t\t\t\t\t\t\t\t\t\t<i class=\"ep-icon-plus\" aria-hidden=\"true\"><\/i>\n\t\t\t\t\t\t\t\t\t\t\t\t\t\t\t<\/a>\n\t\t\t\t\t\t<\/div>\n\t\t\t\t\t\n\t\t\t\t\t\t\t<h3 class=\"bdt-gallery-item-title\n\t\t\tbdt-transition-slide-top-small\">\n\t\t\t\t\t<\/h3>\n\t\t\t\t<div class=\"bdt-gallery-item-text bdt-transition-slide-bottom-small\">\n\t\t\t\t<\/div>\n\t\t\n\t\t\t\t<\/div>\n\t\t\t<\/div>\n\t\t<\/div>\n\t\t\n\t\t\t\t\t\t\t\t\t\t<\/div>\n\t\t\t<\/div>\n\n\t\t\t\t\t<div class=\"bdt-gallery-item bdt-transition-toggle bdt-width-1-1 bdt-width-1-2@s bdt-width-1-3@m\">\n\t\t\t\t<div class=\"bdt-custom-gallery-inner\">\n\n\t\t\t\t\t\n\t\t\t\t\t\n\t\t\t\t\t\t\n\t\t<div class=\"bdt-gallery-thumbnail\">\n\n\t\t\t<img loading=\"lazy\" width=\"225\" height=\"300\" src=\"https:\/\/etreshumainsprofessionnels.fr\/wp-content\/uploads\/2021\/11\/Copy-of-0dc8a3bd-1e02-4c8f-8d69-2ce731075054-225x300.jpg\" class=\"attachment-medium size-medium\" alt=\"Temps libre dans la cabane ressource\" decoding=\"async\" srcset=\"https:\/\/etreshumainsprofessionnels.fr\/wp-content\/uploads\/2021\/11\/Copy-of-0dc8a3bd-1e02-4c8f-8d69-2ce731075054-225x300.jpg 225w, https:\/\/etreshumainsprofessionnels.fr\/wp-content\/uploads\/2021\/11\/Copy-of-0dc8a3bd-1e02-4c8f-8d69-2ce731075054-768x1023.jpg 768w, https:\/\/etreshumainsprofessionnels.fr\/wp-content\/uploads\/2021\/11\/Copy-of-0dc8a3bd-1e02-4c8f-8d69-2ce731075054-1153x1536.jpg 1153w, https:\/\/etreshumainsprofessionnels.fr\/wp-content\/uploads\/2021\/11\/Copy-of-0dc8a3bd-1e02-4c8f-8d69-2ce731075054.jpg 1200w\" sizes=\"(max-width: 225px) 100vw, 225px\" \/>\n\t\t<\/div>\n\t\t\t\t<div class=\"bdt-overlay bdt-overlay-default bdt-position-cover bdt-transition-fade\">\n\t\t\t<div class=\"bdt-custom-gallery-content\">\n\t\t\t\t<div class=\"bdt-custom-gallery-content-inner\">\n\n\n\n\t\t\t\t\t\t\t\t\t\t\t<div class=\"bdt-flex-inline bdt-gallery-item-link-wrapper\">\n\t\t\t\t\t\t\t<a data-elementor-open-lightbox=\"no\" href=\"https:\/\/etreshumainsprofessionnels.fr\/wp-content\/uploads\/2021\/11\/Copy-of-0dc8a3bd-1e02-4c8f-8d69-2ce731075054.jpg\" class=\"bdt-gallery-item-link bdt-gallery-lightbox-item\" data-caption=\"Temps libre dans la cabane ressource\"=\"\">\n\t\t\t\t\t\t\t\t\t\t\t\t\t\t\t\t\t<i class=\"ep-icon-plus\" aria-hidden=\"true\"><\/i>\n\t\t\t\t\t\t\t\t\t\t\t\t\t\t\t<\/a>\n\t\t\t\t\t\t<\/div>\n\t\t\t\t\t\n\t\t\t\t\t\t\t<h3 class=\"bdt-gallery-item-title\n\t\t\tbdt-transition-slide-top-small\">\n\t\t\tTemps libre dans la cabane ressource\t\t<\/h3>\n\t\t\t\t<div class=\"bdt-gallery-item-text bdt-transition-slide-bottom-small\">\n\t\t\t\t<\/div>\n\t\t\n\t\t\t\t<\/div>\n\t\t\t<\/div>\n\t\t<\/div>\n\t\t\n\t\t\t\t\t\t\t\t\t\t<\/div>\n\t\t\t<\/div>\n\n\t\t\t\t\t<div class=\"bdt-gallery-item bdt-transition-toggle bdt-width-1-1 bdt-width-1-2@s bdt-width-1-3@m\">\n\t\t\t\t<div class=\"bdt-custom-gallery-inner\">\n\n\t\t\t\t\t\n\t\t\t\t\t\n\t\t\t\t\t\t\n\t\t<div class=\"bdt-gallery-thumbnail\">\n\n\t\t\t<img loading=\"lazy\" width=\"210\" height=\"300\" src=\"https:\/\/etreshumainsprofessionnels.fr\/wp-content\/uploads\/2024\/06\/Capture-decran-2024-06-03-a-14.35.01-210x300.png\" class=\"attachment-medium size-medium\" alt=\"Affiche de l&#039;\u00e9dition 2024\" decoding=\"async\" srcset=\"https:\/\/etreshumainsprofessionnels.fr\/wp-content\/uploads\/2024\/06\/Capture-decran-2024-06-03-a-14.35.01-210x300.png 210w, https:\/\/etreshumainsprofessionnels.fr\/wp-content\/uploads\/2024\/06\/Capture-decran-2024-06-03-a-14.35.01-717x1024.png 717w, https:\/\/etreshumainsprofessionnels.fr\/wp-content\/uploads\/2024\/06\/Capture-decran-2024-06-03-a-14.35.01-768x1097.png 768w, https:\/\/etreshumainsprofessionnels.fr\/wp-content\/uploads\/2024\/06\/Capture-decran-2024-06-03-a-14.35.01.png 1050w\" sizes=\"(max-width: 210px) 100vw, 210px\" \/>\n\t\t<\/div>\n\t\t\t\t<div class=\"bdt-overlay bdt-overlay-default bdt-position-cover bdt-transition-fade\">\n\t\t\t<div class=\"bdt-custom-gallery-content\">\n\t\t\t\t<div class=\"bdt-custom-gallery-content-inner\">\n\n\n\n\t\t\t\t\t\t\t\t\t\t\t<div class=\"bdt-flex-inline bdt-gallery-item-link-wrapper\">\n\t\t\t\t\t\t\t<a data-elementor-open-lightbox=\"no\" href=\"https:\/\/etreshumainsprofessionnels.fr\/wp-content\/uploads\/2024\/06\/Capture-decran-2024-06-03-a-14.35.01.png\" class=\"bdt-gallery-item-link bdt-gallery-lightbox-item\" data-caption=\"Affiche de l&#039;\u00e9dition 2024\"=\"\">\n\t\t\t\t\t\t\t\t\t\t\t\t\t\t\t\t\t<i class=\"ep-icon-plus\" aria-hidden=\"true\"><\/i>\n\t\t\t\t\t\t\t\t\t\t\t\t\t\t\t<\/a>\n\t\t\t\t\t\t<\/div>\n\t\t\t\t\t\n\t\t\t\t\t\t\t<h3 class=\"bdt-gallery-item-title\n\t\t\tbdt-transition-slide-top-small\">\n\t\t\tAffiche de l'\u00e9dition 2024\t\t<\/h3>\n\t\t\t\t<div class=\"bdt-gallery-item-text bdt-transition-slide-bottom-small\">\n\t\t\t\t<\/div>\n\t\t\n\t\t\t\t<\/div>\n\t\t\t<\/div>\n\t\t<\/div>\n\t\t\n\t\t\t\t\t\t\t\t\t\t<\/div>\n\t\t\t<\/div>\n\n\t\t\t\t\t<div class=\"bdt-gallery-item bdt-transition-toggle bdt-width-1-1 bdt-width-1-2@s bdt-width-1-3@m\">\n\t\t\t\t<div class=\"bdt-custom-gallery-inner\">\n\n\t\t\t\t\t\n\t\t\t\t\t\n\t\t\t\t\t\t\n\t\t<div class=\"bdt-gallery-thumbnail\">\n\n\t\t\t<img loading=\"lazy\" width=\"300\" height=\"213\" src=\"https:\/\/etreshumainsprofessionnels.fr\/wp-content\/uploads\/2023\/05\/Capture-decran-2023-06-21-a-13.58.26-300x213.png\" class=\"attachment-medium size-medium\" alt=\"Prgramme de l&#039;\u00e9dition 2024\" decoding=\"async\" srcset=\"https:\/\/etreshumainsprofessionnels.fr\/wp-content\/uploads\/2023\/05\/Capture-decran-2023-06-21-a-13.58.26-300x213.png 300w, https:\/\/etreshumainsprofessionnels.fr\/wp-content\/uploads\/2023\/05\/Capture-decran-2023-06-21-a-13.58.26-1024x727.png 1024w, https:\/\/etreshumainsprofessionnels.fr\/wp-content\/uploads\/2023\/05\/Capture-decran-2023-06-21-a-13.58.26-768x545.png 768w, https:\/\/etreshumainsprofessionnels.fr\/wp-content\/uploads\/2023\/05\/Capture-decran-2023-06-21-a-13.58.26-1536x1090.png 1536w, https:\/\/etreshumainsprofessionnels.fr\/wp-content\/uploads\/2023\/05\/Capture-decran-2023-06-21-a-13.58.26-2048x1454.png 2048w\" sizes=\"(max-width: 300px) 100vw, 300px\" \/>\n\t\t<\/div>\n\t\t\t\t<div class=\"bdt-overlay bdt-overlay-default bdt-position-cover bdt-transition-fade\">\n\t\t\t<div class=\"bdt-custom-gallery-content\">\n\t\t\t\t<div class=\"bdt-custom-gallery-content-inner\">\n\n\n\n\t\t\t\t\t\t\t\t\t\t\t<div class=\"bdt-flex-inline bdt-gallery-item-link-wrapper\">\n\t\t\t\t\t\t\t<a data-elementor-open-lightbox=\"no\" href=\"https:\/\/etreshumainsprofessionnels.fr\/wp-content\/uploads\/2023\/05\/Capture-decran-2023-06-21-a-13.58.26.png\" class=\"bdt-gallery-item-link bdt-gallery-lightbox-item\" data-caption=\"Prgramme de l&#039;\u00e9dition 2024\"=\"\">\n\t\t\t\t\t\t\t\t\t\t\t\t\t\t\t\t\t<i class=\"ep-icon-plus\" aria-hidden=\"true\"><\/i>\n\t\t\t\t\t\t\t\t\t\t\t\t\t\t\t<\/a>\n\t\t\t\t\t\t<\/div>\n\t\t\t\t\t\n\t\t\t\t\t\t\t<h3 class=\"bdt-gallery-item-title\n\t\t\tbdt-transition-slide-top-small\">\n\t\t\tPrgramme de l'\u00e9dition 2024\t\t<\/h3>\n\t\t\t\t<div class=\"bdt-gallery-item-text bdt-transition-slide-bottom-small\">\n\t\t\t\t<\/div>\n\t\t\n\t\t\t\t<\/div>\n\t\t\t<\/div>\n\t\t<\/div>\n\t\t\n\t\t\t\t\t\t\t\t\t\t<\/div>\n\t\t\t<\/div>\n\n\t\t\t\t\t<div class=\"bdt-gallery-item bdt-transition-toggle bdt-width-1-1 bdt-width-1-2@s bdt-width-1-3@m\">\n\t\t\t\t<div class=\"bdt-custom-gallery-inner\">\n\n\t\t\t\t\t\n\t\t\t\t\t\n\t\t\t\t\t\t\n\t\t<div class=\"bdt-gallery-thumbnail\">\n\n\t\t\t<img loading=\"lazy\" width=\"300\" height=\"169\" src=\"https:\/\/etreshumainsprofessionnels.fr\/wp-content\/uploads\/2021\/11\/Copy-of-DSC06774-300x169.jpg\" class=\"attachment-medium size-medium\" alt=\"La cabane ressource\" decoding=\"async\" srcset=\"https:\/\/etreshumainsprofessionnels.fr\/wp-content\/uploads\/2021\/11\/Copy-of-DSC06774-300x169.jpg 300w, https:\/\/etreshumainsprofessionnels.fr\/wp-content\/uploads\/2021\/11\/Copy-of-DSC06774-1024x576.jpg 1024w, https:\/\/etreshumainsprofessionnels.fr\/wp-content\/uploads\/2021\/11\/Copy-of-DSC06774-768x432.jpg 768w, https:\/\/etreshumainsprofessionnels.fr\/wp-content\/uploads\/2021\/11\/Copy-of-DSC06774.jpg 1280w\" sizes=\"(max-width: 300px) 100vw, 300px\" \/>\n\t\t<\/div>\n\t\t\t\t<div class=\"bdt-overlay bdt-overlay-default bdt-position-cover bdt-transition-fade\">\n\t\t\t<div class=\"bdt-custom-gallery-content\">\n\t\t\t\t<div class=\"bdt-custom-gallery-content-inner\">\n\n\n\n\t\t\t\t\t\t\t\t\t\t\t<div class=\"bdt-flex-inline bdt-gallery-item-link-wrapper\">\n\t\t\t\t\t\t\t<a data-elementor-open-lightbox=\"no\" href=\"https:\/\/etreshumainsprofessionnels.fr\/wp-content\/uploads\/2021\/11\/Copy-of-DSC06774.jpg\" class=\"bdt-gallery-item-link bdt-gallery-lightbox-item\" data-caption=\"La cabane ressource\"=\"\">\n\t\t\t\t\t\t\t\t\t\t\t\t\t\t\t\t\t<i class=\"ep-icon-plus\" aria-hidden=\"true\"><\/i>\n\t\t\t\t\t\t\t\t\t\t\t\t\t\t\t<\/a>\n\t\t\t\t\t\t<\/div>\n\t\t\t\t\t\n\t\t\t\t\t\t\t<h3 class=\"bdt-gallery-item-title\n\t\t\tbdt-transition-slide-top-small\">\n\t\t\tLa cabane ressource\t\t<\/h3>\n\t\t\t\t<div class=\"bdt-gallery-item-text bdt-transition-slide-bottom-small\">\n\t\t\t\t<\/div>\n\t\t\n\t\t\t\t<\/div>\n\t\t\t<\/div>\n\t\t<\/div>\n\t\t\n\t\t\t\t\t\t\t\t\t\t<\/div>\n\t\t\t<\/div>\n\n\t\t\t\t\t<div class=\"bdt-gallery-item bdt-transition-toggle bdt-width-1-1 bdt-width-1-2@s bdt-width-1-3@m\">\n\t\t\t\t<div class=\"bdt-custom-gallery-inner\">\n\n\t\t\t\t\t\n\t\t\t\t\t\n\t\t\t\t\t\t\n\t\t<div class=\"bdt-gallery-thumbnail\">\n\n\t\t\t<img loading=\"lazy\" width=\"300\" height=\"226\" src=\"https:\/\/etreshumainsprofessionnels.fr\/wp-content\/uploads\/2021\/11\/22-Montage-cabane-Photo-cabane-25-300x226.jpg\" class=\"attachment-medium size-medium\" alt=\"Montage de la cabane ressource\" decoding=\"async\" srcset=\"https:\/\/etreshumainsprofessionnels.fr\/wp-content\/uploads\/2021\/11\/22-Montage-cabane-Photo-cabane-25-300x226.jpg 300w, https:\/\/etreshumainsprofessionnels.fr\/wp-content\/uploads\/2021\/11\/22-Montage-cabane-Photo-cabane-25-1024x771.jpg 1024w, https:\/\/etreshumainsprofessionnels.fr\/wp-content\/uploads\/2021\/11\/22-Montage-cabane-Photo-cabane-25-768x578.jpg 768w, https:\/\/etreshumainsprofessionnels.fr\/wp-content\/uploads\/2021\/11\/22-Montage-cabane-Photo-cabane-25-1536x1156.jpg 1536w, https:\/\/etreshumainsprofessionnels.fr\/wp-content\/uploads\/2021\/11\/22-Montage-cabane-Photo-cabane-25-2048x1542.jpg 2048w\" sizes=\"(max-width: 300px) 100vw, 300px\" \/>\n\t\t<\/div>\n\t\t\t\t<div class=\"bdt-overlay bdt-overlay-default bdt-position-cover bdt-transition-fade\">\n\t\t\t<div class=\"bdt-custom-gallery-content\">\n\t\t\t\t<div class=\"bdt-custom-gallery-content-inner\">\n\n\n\n\t\t\t\t\t\t\t\t\t\t\t<div class=\"bdt-flex-inline bdt-gallery-item-link-wrapper\">\n\t\t\t\t\t\t\t<a data-elementor-open-lightbox=\"no\" href=\"https:\/\/etreshumainsprofessionnels.fr\/wp-content\/uploads\/2021\/11\/22-Montage-cabane-Photo-cabane-25-scaled.jpg\" class=\"bdt-gallery-item-link bdt-gallery-lightbox-item\" data-caption=\"Montage de la cabane ressource\"=\"\">\n\t\t\t\t\t\t\t\t\t\t\t\t\t\t\t\t\t<i class=\"ep-icon-plus\" aria-hidden=\"true\"><\/i>\n\t\t\t\t\t\t\t\t\t\t\t\t\t\t\t<\/a>\n\t\t\t\t\t\t<\/div>\n\t\t\t\t\t\n\t\t\t\t\t\t\t<h3 class=\"bdt-gallery-item-title\n\t\t\tbdt-transition-slide-top-small\">\n\t\t\tMontage de la cabane ressource\t\t<\/h3>\n\t\t\t\t<div class=\"bdt-gallery-item-text bdt-transition-slide-bottom-small\">\n\t\tConstruction avec les Compagnons b\u00e2tisseurs et quelques habitans\t\t<\/div>\n\t\t\n\t\t\t\t<\/div>\n\t\t\t<\/div>\n\t\t<\/div>\n\t\t\n\t\t\t\t\t\t\t\t\t\t<\/div>\n\t\t\t<\/div>\n\n\t\t\t\t\t<div class=\"bdt-gallery-item bdt-transition-toggle bdt-width-1-1 bdt-width-1-2@s bdt-width-1-3@m\">\n\t\t\t\t<div class=\"bdt-custom-gallery-inner\">\n\n\t\t\t\t\t\n\t\t\t\t\t\n\t\t\t\t\t\t\n\t\t<div class=\"bdt-gallery-thumbnail\">\n\n\t\t\t<img loading=\"lazy\" width=\"300\" height=\"225\" src=\"https:\/\/etreshumainsprofessionnels.fr\/wp-content\/uploads\/2021\/11\/Copy-of-Photo-cabane-72-300x225.jpg\" class=\"attachment-medium size-medium\" alt=\"Activit\u00e9s dans la cabane ressource\" decoding=\"async\" srcset=\"https:\/\/etreshumainsprofessionnels.fr\/wp-content\/uploads\/2021\/11\/Copy-of-Photo-cabane-72-300x225.jpg 300w, https:\/\/etreshumainsprofessionnels.fr\/wp-content\/uploads\/2021\/11\/Copy-of-Photo-cabane-72-1024x768.jpg 1024w, https:\/\/etreshumainsprofessionnels.fr\/wp-content\/uploads\/2021\/11\/Copy-of-Photo-cabane-72-768x576.jpg 768w, https:\/\/etreshumainsprofessionnels.fr\/wp-content\/uploads\/2021\/11\/Copy-of-Photo-cabane-72-1536x1152.jpg 1536w, https:\/\/etreshumainsprofessionnels.fr\/wp-content\/uploads\/2021\/11\/Copy-of-Photo-cabane-72-2048x1536.jpg 2048w\" sizes=\"(max-width: 300px) 100vw, 300px\" \/>\n\t\t<\/div>\n\t\t\t\t<div class=\"bdt-overlay bdt-overlay-default bdt-position-cover bdt-transition-fade\">\n\t\t\t<div class=\"bdt-custom-gallery-content\">\n\t\t\t\t<div class=\"bdt-custom-gallery-content-inner\">\n\n\n\n\t\t\t\t\t\t\t\t\t\t\t<div class=\"bdt-flex-inline bdt-gallery-item-link-wrapper\">\n\t\t\t\t\t\t\t<a data-elementor-open-lightbox=\"no\" href=\"https:\/\/etreshumainsprofessionnels.fr\/wp-content\/uploads\/2021\/11\/Copy-of-Photo-cabane-72-scaled.jpg\" class=\"bdt-gallery-item-link bdt-gallery-lightbox-item\" data-caption=\"Activit\u00e9s dans la cabane ressource\"=\"\">\n\t\t\t\t\t\t\t\t\t\t\t\t\t\t\t\t\t<i class=\"ep-icon-plus\" aria-hidden=\"true\"><\/i>\n\t\t\t\t\t\t\t\t\t\t\t\t\t\t\t<\/a>\n\t\t\t\t\t\t<\/div>\n\t\t\t\t\t\n\t\t\t\t\t\t\t<h3 class=\"bdt-gallery-item-title\n\t\t\tbdt-transition-slide-top-small\">\n\t\t\tActivit\u00e9s dans la cabane ressource\t\t<\/h3>\n\t\t\t\t<div class=\"bdt-gallery-item-text bdt-transition-slide-bottom-small\">\n\t\t\t\t<\/div>\n\t\t\n\t\t\t\t<\/div>\n\t\t\t<\/div>\n\t\t<\/div>\n\t\t\n\t\t\t\t\t\t\t\t\t\t<\/div>\n\t\t\t<\/div>\n\n\t\t\t\t\t<div class=\"bdt-gallery-item bdt-transition-toggle bdt-width-1-1 bdt-width-1-2@s bdt-width-1-3@m\">\n\t\t\t\t<div class=\"bdt-custom-gallery-inner\">\n\n\t\t\t\t\t\n\t\t\t\t\t\n\t\t\t\t\t\t\n\t\t<div class=\"bdt-gallery-thumbnail\">\n\n\t\t\t<img loading=\"lazy\" width=\"300\" height=\"227\" src=\"https:\/\/etreshumainsprofessionnels.fr\/wp-content\/uploads\/2021\/04\/Photo-cabane-23-300x227.jpg\" class=\"attachment-medium size-medium\" alt=\"La cabane ressource\" decoding=\"async\" srcset=\"https:\/\/etreshumainsprofessionnels.fr\/wp-content\/uploads\/2021\/04\/Photo-cabane-23-300x227.jpg 300w, https:\/\/etreshumainsprofessionnels.fr\/wp-content\/uploads\/2021\/04\/Photo-cabane-23-1024x776.jpg 1024w, https:\/\/etreshumainsprofessionnels.fr\/wp-content\/uploads\/2021\/04\/Photo-cabane-23-768x582.jpg 768w, https:\/\/etreshumainsprofessionnels.fr\/wp-content\/uploads\/2021\/04\/Photo-cabane-23-1536x1165.jpg 1536w, https:\/\/etreshumainsprofessionnels.fr\/wp-content\/uploads\/2021\/04\/Photo-cabane-23-2048x1553.jpg 2048w\" sizes=\"(max-width: 300px) 100vw, 300px\" \/>\n\t\t<\/div>\n\t\t\t\t<div class=\"bdt-overlay bdt-overlay-default bdt-position-cover bdt-transition-fade\">\n\t\t\t<div class=\"bdt-custom-gallery-content\">\n\t\t\t\t<div class=\"bdt-custom-gallery-content-inner\">\n\n\n\n\t\t\t\t\t\t\t\t\t\t\t<div class=\"bdt-flex-inline bdt-gallery-item-link-wrapper\">\n\t\t\t\t\t\t\t<a data-elementor-open-lightbox=\"no\" href=\"https:\/\/etreshumainsprofessionnels.fr\/wp-content\/uploads\/2021\/04\/Photo-cabane-23-scaled.jpg\" class=\"bdt-gallery-item-link bdt-gallery-lightbox-item\" data-caption=\"La cabane ressource\"=\"\">\n\t\t\t\t\t\t\t\t\t\t\t\t\t\t\t\t\t<i class=\"ep-icon-plus\" aria-hidden=\"true\"><\/i>\n\t\t\t\t\t\t\t\t\t\t\t\t\t\t\t<\/a>\n\t\t\t\t\t\t<\/div>\n\t\t\t\t\t\n\t\t\t\t\t\t\t<h3 class=\"bdt-gallery-item-title\n\t\t\tbdt-transition-slide-top-small\">\n\t\t\tLa cabane ressource\t\t<\/h3>\n\t\t\t\t<div class=\"bdt-gallery-item-text bdt-transition-slide-bottom-small\">\n\t\t\t\t<\/div>\n\t\t\n\t\t\t\t<\/div>\n\t\t\t<\/div>\n\t\t<\/div>\n\t\t\n\t\t\t\t\t\t\t\t\t\t<\/div>\n\t\t\t<\/div>\n\n\t\t\t\t\t<div class=\"bdt-gallery-item bdt-transition-toggle bdt-width-1-1 bdt-width-1-2@s bdt-width-1-3@m\">\n\t\t\t\t<div class=\"bdt-custom-gallery-inner\">\n\n\t\t\t\t\t\n\t\t\t\t\t\n\t\t\t\t\t\t\n\t\t<div class=\"bdt-gallery-thumbnail\">\n\n\t\t\t<img loading=\"lazy\" width=\"300\" height=\"169\" src=\"https:\/\/etreshumainsprofessionnels.fr\/wp-content\/uploads\/2021\/04\/DSC06767-300x169.jpg\" class=\"attachment-medium size-medium\" alt=\"Cabane ressource\" decoding=\"async\" srcset=\"https:\/\/etreshumainsprofessionnels.fr\/wp-content\/uploads\/2021\/04\/DSC06767-300x169.jpg 300w, https:\/\/etreshumainsprofessionnels.fr\/wp-content\/uploads\/2021\/04\/DSC06767-1024x576.jpg 1024w, https:\/\/etreshumainsprofessionnels.fr\/wp-content\/uploads\/2021\/04\/DSC06767-768x432.jpg 768w, https:\/\/etreshumainsprofessionnels.fr\/wp-content\/uploads\/2021\/04\/DSC06767.jpg 1280w\" sizes=\"(max-width: 300px) 100vw, 300px\" \/>\n\t\t<\/div>\n\t\t\t\t<div class=\"bdt-overlay bdt-overlay-default bdt-position-cover bdt-transition-fade\">\n\t\t\t<div class=\"bdt-custom-gallery-content\">\n\t\t\t\t<div class=\"bdt-custom-gallery-content-inner\">\n\n\n\n\t\t\t\t\t\t\t\t\t\t\t<div class=\"bdt-flex-inline bdt-gallery-item-link-wrapper\">\n\t\t\t\t\t\t\t<a data-elementor-open-lightbox=\"no\" href=\"https:\/\/etreshumainsprofessionnels.fr\/wp-content\/uploads\/2021\/04\/DSC06767.jpg\" class=\"bdt-gallery-item-link bdt-gallery-lightbox-item\" data-caption=\"Cabane ressource\"=\"\">\n\t\t\t\t\t\t\t\t\t\t\t\t\t\t\t\t\t<i class=\"ep-icon-plus\" aria-hidden=\"true\"><\/i>\n\t\t\t\t\t\t\t\t\t\t\t\t\t\t\t<\/a>\n\t\t\t\t\t\t<\/div>\n\t\t\t\t\t\n\t\t\t\t\t\t\t<h3 class=\"bdt-gallery-item-title\n\t\t\tbdt-transition-slide-top-small\">\n\t\t\tCabane ressource\t\t<\/h3>\n\t\t\t\t<div class=\"bdt-gallery-item-text bdt-transition-slide-bottom-small\">\n\t\t\t\t<\/div>\n\t\t\n\t\t\t\t<\/div>\n\t\t\t<\/div>\n\t\t<\/div>\n\t\t\n\t\t\t\t\t\t\t\t\t\t<\/div>\n\t\t\t<\/div>\n\n\t\t\t\t\t<div class=\"bdt-gallery-item bdt-transition-toggle bdt-width-1-1 bdt-width-1-2@s bdt-width-1-3@m\">\n\t\t\t\t<div class=\"bdt-custom-gallery-inner\">\n\n\t\t\t\t\t\n\t\t\t\t\t\n\t\t\t\t\t\t\n\t\t<div class=\"bdt-gallery-thumbnail\">\n\n\t\t\t<img loading=\"lazy\" width=\"300\" height=\"225\" src=\"https:\/\/etreshumainsprofessionnels.fr\/wp-content\/uploads\/2021\/11\/Photo-cabane-43-300x225.jpg\" class=\"attachment-medium size-medium\" alt=\"\" decoding=\"async\" srcset=\"https:\/\/etreshumainsprofessionnels.fr\/wp-content\/uploads\/2021\/11\/Photo-cabane-43-300x225.jpg 300w, https:\/\/etreshumainsprofessionnels.fr\/wp-content\/uploads\/2021\/11\/Photo-cabane-43-1024x768.jpg 1024w, https:\/\/etreshumainsprofessionnels.fr\/wp-content\/uploads\/2021\/11\/Photo-cabane-43-768x576.jpg 768w, https:\/\/etreshumainsprofessionnels.fr\/wp-content\/uploads\/2021\/11\/Photo-cabane-43-1536x1152.jpg 1536w, https:\/\/etreshumainsprofessionnels.fr\/wp-content\/uploads\/2021\/11\/Photo-cabane-43-2048x1536.jpg 2048w\" sizes=\"(max-width: 300px) 100vw, 300px\" \/>\n\t\t<\/div>\n\t\t\t\t<div class=\"bdt-overlay bdt-overlay-default bdt-position-cover bdt-transition-fade\">\n\t\t\t<div class=\"bdt-custom-gallery-content\">\n\t\t\t\t<div class=\"bdt-custom-gallery-content-inner\">\n\n\n\n\t\t\t\t\t\t\t\t\t\t\t<div class=\"bdt-flex-inline bdt-gallery-item-link-wrapper\">\n\t\t\t\t\t\t\t<a data-elementor-open-lightbox=\"no\" href=\"https:\/\/etreshumainsprofessionnels.fr\/wp-content\/uploads\/2021\/11\/Photo-cabane-43-scaled.jpg\" class=\"bdt-gallery-item-link bdt-gallery-lightbox-item\" data-caption=\"\"=\"\">\n\t\t\t\t\t\t\t\t\t\t\t\t\t\t\t\t\t<i class=\"ep-icon-plus\" aria-hidden=\"true\"><\/i>\n\t\t\t\t\t\t\t\t\t\t\t\t\t\t\t<\/a>\n\t\t\t\t\t\t<\/div>\n\t\t\t\t\t\n\t\t\t\t\t\t\t<h3 class=\"bdt-gallery-item-title\n\t\t\tbdt-transition-slide-top-small\">\n\t\t\t\t\t<\/h3>\n\t\t\t\t<div class=\"bdt-gallery-item-text bdt-transition-slide-bottom-small\">\n\t\t\t\t<\/div>\n\t\t\n\t\t\t\t<\/div>\n\t\t\t<\/div>\n\t\t<\/div>\n\t\t\n\t\t\t\t\t\t\t\t\t\t<\/div>\n\t\t\t<\/div>\n\n\t\t\t\t\t<div class=\"bdt-gallery-item bdt-transition-toggle bdt-width-1-1 bdt-width-1-2@s bdt-width-1-3@m\">\n\t\t\t\t<div class=\"bdt-custom-gallery-inner\">\n\n\t\t\t\t\t\n\t\t\t\t\t\n\t\t\t\t\t\t\n\t\t<div class=\"bdt-gallery-thumbnail\">\n\n\t\t\t<img loading=\"lazy\" width=\"300\" height=\"233\" src=\"https:\/\/etreshumainsprofessionnels.fr\/wp-content\/uploads\/2021\/04\/Cabane-2-300x233.jpg\" class=\"attachment-medium size-medium\" alt=\"Plan de la cabane ressource\" decoding=\"async\" srcset=\"https:\/\/etreshumainsprofessionnels.fr\/wp-content\/uploads\/2021\/04\/Cabane-2-300x233.jpg 300w, https:\/\/etreshumainsprofessionnels.fr\/wp-content\/uploads\/2021\/04\/Cabane-2-1024x795.jpg 1024w, https:\/\/etreshumainsprofessionnels.fr\/wp-content\/uploads\/2021\/04\/Cabane-2-768x596.jpg 768w, https:\/\/etreshumainsprofessionnels.fr\/wp-content\/uploads\/2021\/04\/Cabane-2-1536x1193.jpg 1536w, https:\/\/etreshumainsprofessionnels.fr\/wp-content\/uploads\/2021\/04\/Cabane-2.jpg 1880w\" sizes=\"(max-width: 300px) 100vw, 300px\" \/>\n\t\t<\/div>\n\t\t\t\t<div class=\"bdt-overlay bdt-overlay-default bdt-position-cover bdt-transition-fade\">\n\t\t\t<div class=\"bdt-custom-gallery-content\">\n\t\t\t\t<div class=\"bdt-custom-gallery-content-inner\">\n\n\n\n\t\t\t\t\t\t\t\t\t\t\t<div class=\"bdt-flex-inline bdt-gallery-item-link-wrapper\">\n\t\t\t\t\t\t\t<a data-elementor-open-lightbox=\"no\" href=\"https:\/\/etreshumainsprofessionnels.fr\/wp-content\/uploads\/2021\/04\/Cabane-2.jpg\" class=\"bdt-gallery-item-link bdt-gallery-lightbox-item\" data-caption=\"Plan de la cabane ressource\"=\"\">\n\t\t\t\t\t\t\t\t\t\t\t\t\t\t\t\t\t<i class=\"ep-icon-plus\" aria-hidden=\"true\"><\/i>\n\t\t\t\t\t\t\t\t\t\t\t\t\t\t\t<\/a>\n\t\t\t\t\t\t<\/div>\n\t\t\t\t\t\n\t\t\t\t\t\t\t<h3 class=\"bdt-gallery-item-title\n\t\t\tbdt-transition-slide-top-small\">\n\t\t\tPlan de la cabane ressource\t\t<\/h3>\n\t\t\t\t<div class=\"bdt-gallery-item-text bdt-transition-slide-bottom-small\">\n\t\t\t\t<\/div>\n\t\t\n\t\t\t\t<\/div>\n\t\t\t<\/div>\n\t\t<\/div>\n\t\t\n\t\t\t\t\t\t\t\t\t\t<\/div>\n\t\t\t<\/div>\n\n\t\t\n\t\t\t\t<\/div>\n\t\t\t\t<\/div>\n\t\t\t\t<\/div>\n\t\t\t\t\t<\/div>\n\t\t<\/div>\n\t\t\t\t\t<\/div>\n\t\t<\/section>\n\t\t\t\t<section class=\"elementor-section elementor-top-section elementor-element elementor-element-629f09f elementor-section-boxed elementor-section-height-default elementor-section-height-default\" data-id=\"629f09f\" data-element_type=\"section\">\n\t\t\t\t\t\t<div class=\"elementor-container elementor-column-gap-default\">\n\t\t\t\t\t<div class=\"elementor-column elementor-col-100 elementor-top-column elementor-element elementor-element-b386b5a\" data-id=\"b386b5a\" data-element_type=\"column\">\n\t\t\t<div class=\"elementor-widget-wrap elementor-element-populated\">\n\t\t\t\t\t\t<div class=\"elementor-element elementor-element-fb36860 elementor-widget elementor-widget-spacer\" data-id=\"fb36860\" data-element_type=\"widget\" data-widget_type=\"spacer.default\">\n\t\t\t\t<div class=\"elementor-widget-container\">\n\t\t\t\t\t<div class=\"elementor-spacer\">\n\t\t\t<div class=\"elementor-spacer-inner\"><\/div>\n\t\t<\/div>\n\t\t\t\t<\/div>\n\t\t\t\t<\/div>\n\t\t\t\t\t<\/div>\n\t\t<\/div>\n\t\t\t\t\t<\/div>\n\t\t<\/section>\n\t\t\t\t<\/div>\n\t\t","protected":false},"excerpt":{"rendered":"<p>Retrouvez une s\u00e9lection de photographies de toutes les \u00e9ditions du festival depuis 2021. <\/p>\n","protected":false},"author":1,"featured_media":2247,"comment_status":"closed","ping_status":"closed","sticky":false,"template":"elementor_header_footer","format":"standard","meta":{"site-sidebar-layout":"default","site-content-layout":"default","ast-global-header-display":"","ast-banner-title-visibility":"","ast-main-header-display":"","ast-hfb-above-header-display":"","ast-hfb-below-header-display":"","ast-hfb-mobile-header-display":"","site-post-title":"","ast-breadcrumbs-content":"","ast-featured-img":"","footer-sml-layout":"","theme-transparent-header-meta":"default","adv-header-id-meta":"","stick-header-meta":"","header-above-stick-meta":"","header-main-stick-meta":"","header-below-stick-meta":""},"categories":[64,56,67,59],"tags":[],"_links":{"self":[{"href":"https:\/\/etreshumainsprofessionnels.fr\/index.php\/wp-json\/wp\/v2\/posts\/2286"}],"collection":[{"href":"https:\/\/etreshumainsprofessionnels.fr\/index.php\/wp-json\/wp\/v2\/posts"}],"about":[{"href":"https:\/\/etreshumainsprofessionnels.fr\/index.php\/wp-json\/wp\/v2\/types\/post"}],"author":[{"embeddable":true,"href":"https:\/\/etreshumainsprofessionnels.fr\/index.php\/wp-json\/wp\/v2\/users\/1"}],"replies":[{"embeddable":true,"href":"https:\/\/etreshumainsprofessionnels.fr\/index.php\/wp-json\/wp\/v2\/comments?post=2286"}],"version-history":[{"count":34,"href":"https:\/\/etreshumainsprofessionnels.fr\/index.php\/wp-json\/wp\/v2\/posts\/2286\/revisions"}],"predecessor-version":[{"id":3447,"href":"https:\/\/etreshumainsprofessionnels.fr\/index.php\/wp-json\/wp\/v2\/posts\/2286\/revisions\/3447"}],"wp:featuredmedia":[{"embeddable":true,"href":"https:\/\/etreshumainsprofessionnels.fr\/index.php\/wp-json\/wp\/v2\/media\/2247"}],"wp:attachment":[{"href":"https:\/\/etreshumainsprofessionnels.fr\/index.php\/wp-json\/wp\/v2\/media?parent=2286"}],"wp:term":[{"taxonomy":"category","embeddable":true,"href":"https:\/\/etreshumainsprofessionnels.fr\/index.php\/wp-json\/wp\/v2\/categories?post=2286"},{"taxonomy":"post_tag","embeddable":true,"href":"https:\/\/etreshumainsprofessionnels.fr\/index.php\/wp-json\/wp\/v2\/tags?post=2286"}],"curies":[{"name":"wp","href":"https:\/\/api.w.org\/{rel}","templated":true}]}}