{"id":2280,"date":"2021-11-19T16:04:31","date_gmt":"2021-11-19T15:04:31","guid":{"rendered":"http:\/\/etreshumainsprofessionnels.fr\/?p=2280"},"modified":"2023-05-24T14:59:56","modified_gmt":"2023-05-24T12:59:56","slug":"une-nouvelle-cabane-a-la-redoute-pour-lete-2022","status":"publish","type":"post","link":"https:\/\/etreshumainsprofessionnels.fr\/index.php\/2021\/11\/19\/une-nouvelle-cabane-a-la-redoute-pour-lete-2022\/","title":{"rendered":"Une nouvelle cabane \u00e0 la Redoute pour l&#8217;\u00e9t\u00e9 2022"},"content":{"rendered":"\t\t<div data-elementor-type=\"wp-post\" data-elementor-id=\"2280\" class=\"elementor elementor-2280\">\n\t\t\t\t\t\t<section class=\"elementor-section elementor-top-section elementor-element elementor-element-801351e elementor-section-boxed elementor-section-height-default elementor-section-height-default\" data-id=\"801351e\" data-element_type=\"section\">\n\t\t\t\t\t\t<div class=\"elementor-container elementor-column-gap-default\">\n\t\t\t\t\t<div class=\"elementor-column elementor-col-100 elementor-top-column elementor-element elementor-element-e8a6873\" data-id=\"e8a6873\" data-element_type=\"column\">\n\t\t\t<div class=\"elementor-widget-wrap elementor-element-populated\">\n\t\t\t\t\t\t<div class=\"elementor-element elementor-element-7a7f088 elementor-widget elementor-widget-spacer\" data-id=\"7a7f088\" data-element_type=\"widget\" data-widget_type=\"spacer.default\">\n\t\t\t\t<div class=\"elementor-widget-container\">\n\t\t\t\t\t<div class=\"elementor-spacer\">\n\t\t\t<div class=\"elementor-spacer-inner\"><\/div>\n\t\t<\/div>\n\t\t\t\t<\/div>\n\t\t\t\t<\/div>\n\t\t\t\t\t<\/div>\n\t\t<\/div>\n\t\t\t\t\t<\/div>\n\t\t<\/section>\n\t\t\t\t<section class=\"elementor-section elementor-top-section elementor-element elementor-element-f4dfc21 elementor-section-boxed elementor-section-height-default elementor-section-height-default\" data-id=\"f4dfc21\" data-element_type=\"section\">\n\t\t\t\t\t\t<div class=\"elementor-container elementor-column-gap-default\">\n\t\t\t\t\t<div class=\"elementor-column elementor-col-100 elementor-top-column elementor-element elementor-element-bfebc15\" data-id=\"bfebc15\" data-element_type=\"column\">\n\t\t\t<div class=\"elementor-widget-wrap elementor-element-populated\">\n\t\t\t\t\t\t<div class=\"elementor-element elementor-element-dbd1e5b elementor-widget elementor-widget-heading\" data-id=\"dbd1e5b\" data-element_type=\"widget\" data-widget_type=\"heading.default\">\n\t\t\t\t<div class=\"elementor-widget-container\">\n\t\t\t<h3 class=\"elementor-heading-title elementor-size-large\">La Cabane spectacles \u00e0 La Redoute, Fontenay-sous-Bois, \u00e9t\u00e9 2022<\/h3>\t\t<\/div>\n\t\t\t\t<\/div>\n\t\t\t\t\t<\/div>\n\t\t<\/div>\n\t\t\t\t\t<\/div>\n\t\t<\/section>\n\t\t\t\t<section class=\"elementor-section elementor-top-section elementor-element elementor-element-e87c1df elementor-section-boxed elementor-section-height-default elementor-section-height-default\" data-id=\"e87c1df\" data-element_type=\"section\">\n\t\t\t\t\t\t<div class=\"elementor-container elementor-column-gap-default\">\n\t\t\t\t\t<div class=\"elementor-column elementor-col-66 elementor-top-column elementor-element elementor-element-799c5ac\" data-id=\"799c5ac\" data-element_type=\"column\">\n\t\t\t<div class=\"elementor-widget-wrap elementor-element-populated\">\n\t\t\t\t\t\t<div class=\"elementor-element elementor-element-09b8fd6 elementor-widget elementor-widget-text-editor\" data-id=\"09b8fd6\" data-element_type=\"widget\" data-widget_type=\"text-editor.default\">\n\t\t\t\t<div class=\"elementor-widget-container\">\n\t\t\t\t\t\t\t<div data-block=\"true\" data-editor=\"cmuav\" data-offset-key=\"65ml9-0-0\">\n<div data-offset-key=\"65ml9-0-0\"><b style=\"color: #333333;\">La Cabane spectacles&nbsp;<\/b><b style=\"color: #333333;\">sensibilise a\u0300 l\u2019espace sce\u0301nique en tant qu\u2019espace habite\u0301,<\/b><span style=\"color: #333333;\">&nbsp;<\/span><span style=\"color: #333333;\">au dedans et au dehors, au re\u0301pertoire et au jeu the\u0301a\u0302tral et musical.<\/span><\/div>\n<p><span style=\"color: #333333;\"><b>Dispositif<\/b>&nbsp;mobile et modulable en bois et tissu.<br><b>Objectifs spe\u0301cifiques :<\/b>&nbsp;sensibiliser a\u0300 l\u2019espace sce\u0301nique, au jeu the\u0301a\u0302tral et musical. Permettre de de\u0301couvrir des textes, jouer, s&#8217;amuser, \u00eatre quelqu&#8217;un d&#8217;autres pendant un instant.<\/span><\/p>\n<\/div>\n<div data-block=\"true\" data-editor=\"cmuav\" data-offset-key=\"a21p9-0-0\">\n<div data-offset-key=\"a21p9-0-0\">A partir du mois de f\u00e9vrier, nous nous installerons au c\u00f4t\u00e9 des Compagnons B\u00e2tisseurs pour fabriquer cette cabane. Vous serez les bienvenues !&nbsp;<\/div>\n<\/div>\t\t\t\t\t\t<\/div>\n\t\t\t\t<\/div>\n\t\t\t\t\t<\/div>\n\t\t<\/div>\n\t\t\t\t<div class=\"elementor-column elementor-col-33 elementor-top-column elementor-element elementor-element-8456c32\" data-id=\"8456c32\" data-element_type=\"column\">\n\t\t\t<div class=\"elementor-widget-wrap elementor-element-populated\">\n\t\t\t\t\t\t<div class=\"elementor-element elementor-element-d005f3d elementor-widget elementor-widget-image\" data-id=\"d005f3d\" data-element_type=\"widget\" data-widget_type=\"image.default\">\n\t\t\t\t<div class=\"elementor-widget-container\">\n\t\t\t\t\t\t\t\t\t\t\t\t\t<img fetchpriority=\"high\" decoding=\"async\" width=\"1024\" height=\"795\" src=\"https:\/\/etreshumainsprofessionnels.fr\/wp-content\/uploads\/2021\/04\/Cabane-2-1024x795.jpg\" class=\"attachment-large size-large wp-image-2241\" alt=\"\" srcset=\"https:\/\/etreshumainsprofessionnels.fr\/wp-content\/uploads\/2021\/04\/Cabane-2-1024x795.jpg 1024w, https:\/\/etreshumainsprofessionnels.fr\/wp-content\/uploads\/2021\/04\/Cabane-2-300x233.jpg 300w, https:\/\/etreshumainsprofessionnels.fr\/wp-content\/uploads\/2021\/04\/Cabane-2-768x596.jpg 768w, https:\/\/etreshumainsprofessionnels.fr\/wp-content\/uploads\/2021\/04\/Cabane-2-1536x1193.jpg 1536w, https:\/\/etreshumainsprofessionnels.fr\/wp-content\/uploads\/2021\/04\/Cabane-2.jpg 1880w\" sizes=\"(max-width: 1024px) 100vw, 1024px\" \/>\t\t\t\t\t\t\t\t\t\t\t\t\t<\/div>\n\t\t\t\t<\/div>\n\t\t\t\t\t<\/div>\n\t\t<\/div>\n\t\t\t\t\t<\/div>\n\t\t<\/section>\n\t\t\t\t<\/div>\n\t\t","protected":false},"excerpt":{"rendered":"<p>Apr\u00e8s la cabane Ressources fabriqu\u00e9e en 2021, nous nous projetons \u00e0 l&#8217;\u00e9t\u00e9 2022 avec une nouvelle cabane d\u00e9di\u00e9e aux spectacles : th\u00e9\u00e2tre, musique.<\/p>\n","protected":false},"author":1,"featured_media":2241,"comment_status":"closed","ping_status":"closed","sticky":false,"template":"elementor_header_footer","format":"standard","meta":{"site-sidebar-layout":"default","site-content-layout":"default","ast-global-header-display":"","ast-banner-title-visibility":"","ast-main-header-display":"","ast-hfb-above-header-display":"","ast-hfb-below-header-display":"","ast-hfb-mobile-header-display":"","site-post-title":"","ast-breadcrumbs-content":"","ast-featured-img":"","footer-sml-layout":"","theme-transparent-header-meta":"default","adv-header-id-meta":"","stick-header-meta":"","header-above-stick-meta":"","header-main-stick-meta":"","header-below-stick-meta":""},"categories":[64,56,59],"tags":[54,55,53],"_links":{"self":[{"href":"https:\/\/etreshumainsprofessionnels.fr\/index.php\/wp-json\/wp\/v2\/posts\/2280"}],"collection":[{"href":"https:\/\/etreshumainsprofessionnels.fr\/index.php\/wp-json\/wp\/v2\/posts"}],"about":[{"href":"https:\/\/etreshumainsprofessionnels.fr\/index.php\/wp-json\/wp\/v2\/types\/post"}],"author":[{"embeddable":true,"href":"https:\/\/etreshumainsprofessionnels.fr\/index.php\/wp-json\/wp\/v2\/users\/1"}],"replies":[{"embeddable":true,"href":"https:\/\/etreshumainsprofessionnels.fr\/index.php\/wp-json\/wp\/v2\/comments?post=2280"}],"version-history":[{"count":4,"href":"https:\/\/etreshumainsprofessionnels.fr\/index.php\/wp-json\/wp\/v2\/posts\/2280\/revisions"}],"predecessor-version":[{"id":2291,"href":"https:\/\/etreshumainsprofessionnels.fr\/index.php\/wp-json\/wp\/v2\/posts\/2280\/revisions\/2291"}],"wp:featuredmedia":[{"embeddable":true,"href":"https:\/\/etreshumainsprofessionnels.fr\/index.php\/wp-json\/wp\/v2\/media\/2241"}],"wp:attachment":[{"href":"https:\/\/etreshumainsprofessionnels.fr\/index.php\/wp-json\/wp\/v2\/media?parent=2280"}],"wp:term":[{"taxonomy":"category","embeddable":true,"href":"https:\/\/etreshumainsprofessionnels.fr\/index.php\/wp-json\/wp\/v2\/categories?post=2280"},{"taxonomy":"post_tag","embeddable":true,"href":"https:\/\/etreshumainsprofessionnels.fr\/index.php\/wp-json\/wp\/v2\/tags?post=2280"}],"curies":[{"name":"wp","href":"https:\/\/api.w.org\/{rel}","templated":true}]}}