{"id":1730,"date":"2021-03-22T12:51:31","date_gmt":"2021-03-22T11:51:31","guid":{"rendered":"http:\/\/etreshumainsprofessionnels.fr\/?p=1730"},"modified":"2025-06-11T14:12:28","modified_gmt":"2025-06-11T12:12:28","slug":"a-capella","status":"publish","type":"post","link":"https:\/\/etreshumainsprofessionnels.fr\/index.php\/2021\/03\/22\/a-capella\/","title":{"rendered":"A capella"},"content":{"rendered":"\t\t<div data-elementor-type=\"wp-post\" data-elementor-id=\"1730\" class=\"elementor elementor-1730\">\n\t\t\t\t\t\t<section class=\"elementor-section elementor-top-section elementor-element elementor-element-e84ab6b elementor-section-boxed elementor-section-height-default elementor-section-height-default\" data-id=\"e84ab6b\" data-element_type=\"section\">\n\t\t\t\t\t\t<div class=\"elementor-container elementor-column-gap-default\">\n\t\t\t\t\t<div class=\"elementor-column elementor-col-100 elementor-top-column elementor-element elementor-element-067420a\" data-id=\"067420a\" data-element_type=\"column\">\n\t\t\t<div class=\"elementor-widget-wrap elementor-element-populated\">\n\t\t\t\t\t\t<div class=\"elementor-element elementor-element-25d037a elementor-widget elementor-widget-spacer\" data-id=\"25d037a\" data-element_type=\"widget\" data-widget_type=\"spacer.default\">\n\t\t\t\t<div class=\"elementor-widget-container\">\n\t\t\t\t\t<div class=\"elementor-spacer\">\n\t\t\t<div class=\"elementor-spacer-inner\"><\/div>\n\t\t<\/div>\n\t\t\t\t<\/div>\n\t\t\t\t<\/div>\n\t\t\t\t\t<\/div>\n\t\t<\/div>\n\t\t\t\t\t<\/div>\n\t\t<\/section>\n\t\t\t\t<section class=\"elementor-section elementor-top-section elementor-element elementor-element-638c862 elementor-section-boxed elementor-section-height-default elementor-section-height-default\" data-id=\"638c862\" data-element_type=\"section\">\n\t\t\t\t\t\t<div class=\"elementor-container elementor-column-gap-default\">\n\t\t\t\t\t<div class=\"elementor-column elementor-col-100 elementor-top-column elementor-element elementor-element-2b215e7\" data-id=\"2b215e7\" data-element_type=\"column\">\n\t\t\t<div class=\"elementor-widget-wrap elementor-element-populated\">\n\t\t\t\t\t\t<div class=\"elementor-element elementor-element-6470331 elementor-widget elementor-widget-heading\" data-id=\"6470331\" data-element_type=\"widget\" data-widget_type=\"heading.default\">\n\t\t\t\t<div class=\"elementor-widget-container\">\n\t\t\t<h3 class=\"elementor-heading-title elementor-size-large\">A capella<\/h3>\t\t<\/div>\n\t\t\t\t<\/div>\n\t\t\t\t\t<\/div>\n\t\t<\/div>\n\t\t\t\t\t<\/div>\n\t\t<\/section>\n\t\t\t\t<section class=\"elementor-section elementor-top-section elementor-element elementor-element-0811ed2 elementor-section-boxed elementor-section-height-default elementor-section-height-default\" data-id=\"0811ed2\" data-element_type=\"section\">\n\t\t\t\t\t\t<div class=\"elementor-container elementor-column-gap-default\">\n\t\t\t\t\t<div class=\"elementor-column elementor-col-66 elementor-top-column elementor-element elementor-element-67659fd\" data-id=\"67659fd\" data-element_type=\"column\">\n\t\t\t<div class=\"elementor-widget-wrap elementor-element-populated\">\n\t\t\t\t\t\t<div class=\"elementor-element elementor-element-2ca72ba elementor-widget elementor-widget-text-editor\" data-id=\"2ca72ba\" data-element_type=\"widget\" data-widget_type=\"text-editor.default\">\n\t\t\t\t<div class=\"elementor-widget-container\">\n\t\t\t\t\t\t\t<p>Je chante a cappella.<br \/>Cela veut dire que je chante sans accompagnement instrumental.<br \/>C&#8217;est nouveau pour moi.<br \/>Auparavant, j&#8217;ai toujours con\u00e7u mes spectacles en relation \u00e9troite et fertile avec des musiciennes ou des musiciens.<\/p><p>Dans mon travail avec eux, il n&#8217;a jamais \u00e9t\u00e9 question qu&#8217;ils ou elles m&#8217;accompagnent.<br \/>Notre travail commun \u00e9tait un accompagnement mutuel, dans une \u00e9galit\u00e9 recherch\u00e9e entre la musique et les mots, le son et le sens, la sonorit\u00e9 et la parole.<\/p><p><strong>Solo<\/strong><\/p><p>Je suis seul. En sc\u00e8ne. A chanter. A jouer. C&#8217;est la premi\u00e8re fois.<br \/>Pourquoi?<br \/>J&#8217;ai sans doute ressenti le besoin de rassembler mes affaires, comme pour un long voyage, un d\u00e9m\u00e9nagement, un changement d&#8217;adresse, un d\u00e9placement fondamental.<br \/>J&#8217;ai rassembl\u00e9 des chants et des textes qui m&#8217;accompagnent depuis des ann\u00e9es. Vous voyez? C&#8217;est aussi un accompagnement, d&#8217;un autre genre.<\/p><p><strong>Chansons<\/strong><\/p><p>Certaines de ces chansons ont \u00e9t\u00e9 interpr\u00e9t\u00e9es par moi dans d&#8217;autres spectacles, ou d&#8217;autres contextes, dans des vies diff\u00e9rentes pourrait-on dire.<br \/>Certaines ont \u00e9t\u00e9 chant\u00e9es dans la rue.<br \/>Elles proviennent de divers endroits du monde, ou parfois d&#8217;endroits de France o\u00f9 il existe d&#8217;autres langues que le fran\u00e7ais officiel.<\/p><p><strong>Trouble so hard<br \/><\/strong>Traditionnel am\u00e9ricain<\/p><p><strong>Little red rooster<br \/><\/strong>Blues, Willie Dixon<\/p><p><strong>This land is your land<br \/><\/strong>Folk, Woody Guthrie<\/p><p><strong>Esperanza<br \/><\/strong>Chanson occitane, Texte Andr\u00e9 Minvielle, musique Marc Peronne<\/p><p><strong>Boom<br \/><\/strong>chanson fran\u00e7aise, texte Raoul Breton\/Raymond Wraskoff, musique Charles trenet<\/p><p><strong>Quoi<br \/><\/strong>chanson fran\u00e7aise, texte et musique Serge Gainsbourg<\/p><p><strong>Vokur\u00f6<br \/><\/strong>traditionnel islandais<\/p><p><strong>L comme beaut\u00e9<br \/><\/strong>Chanson fran\u00e7aise, Jacques Higelin<\/p><p>Ces chansons sont donc chant\u00e9es dans des langues diff\u00e9rentes : Occitan, islandais, bambara, pigin, espagnol, anglais&#8230;<br \/>&#8230; Fran\u00e7ais aussi. Des chansons fran\u00e7aises, ou des po\u00e8mes mis en musique :<\/p><p><strong>Sorrow tears and blood<br \/><\/strong>Chanson nigerianne, Fela<\/p><p><strong>El pueblo<br \/><\/strong>Chanson chilienne, Quilapayun<\/p><p><strong>Utile<br \/><\/strong>Chanson fran\u00e7aise, Texte Etienne roda Gil\/Julien Clerc, musique Julien Clerc<\/p><p><strong>Dans mon pays<br \/><\/strong>Po\u00e8me de Ren\u00e9 Char, Mise en musique : Fernando Fitszbein<\/p><p><strong>Cold song<br \/><\/strong>R\u00e9pertoire baroque anglais, Texte John Dryden, musique Henry Purcell<\/p><p><strong>Ana Na Ka Min<br \/><\/strong>chanson malienne, Selif Keita<\/p><p><strong>La vida es un carnaval<br \/><\/strong>Chanson cubaine, Texte Victor Roberto Daniel, musique Celia Cruz<\/p><p><strong>Take me to the Mardi Gras<br \/><\/strong>Chanson am\u00e9ricaine, Texte et musique Paul simon<\/p><p>\u00a0<\/p><p><strong>Textes<\/strong><\/p><p>J&#8217;ai rassembl\u00e9 des textes aussi, des auteurs :<\/p><p><strong>Le grillon chantant et Huddie Ledbetter<br \/><\/strong>Woody Guthrie, traduction Jacques Vassal. Pour restituer la fonction essentielle du chant dans la nature, dans la vie humaine et dans la soci\u00e9t\u00e9. Avec les mots si simples de ce texte magnifique.<\/p><p><strong>A une raison, <\/strong>Arthur Rimbaud, pour incarner la raison et l&#8217;amour; et faire entendre une ode au futur qui existe en nous de toute \u00e9ternit\u00e9.<\/p><p><strong>M\u00e9ditations sur la beaut\u00e9, <\/strong>Fran\u00e7ois Cheng. Pour offrir au public un v\u00e9ritable instant m\u00e9ditatif \u00e0 propos de questions qui nous font tant souffrir.<\/p><p><strong>Ecrire \/ La mort du jeune aviateur anglais, <\/strong>Marguerite Duras. Pour dire la solitude, celle de l&#8217;\u00e9crit. Et le chant. Ce qu&#8217;il faut chanter. La relation du chant et de la m\u00e9moire.<\/p><p>Et j&#8217;ai\u00a0 rassembl\u00e9 mes forces pour oser m&#8217;inviter parmi eux, auteurs essentiels.<\/p><p><strong>Elle disait, <\/strong>Michel Aymard. Pour affirmer que le chant nous aide \u00e0 aimer la vie. Qu&#8217;un \u00eatre qui chante nous rend notre propre chant, un peu comme on rend son portefeuille \u00e0 quelqu&#8217;un qui l&#8217;a perdu dans la rue. Ou le sourire \u00e0 un enfant triste.<\/p><p><strong>A cappella : pour la chapelle?<br \/><\/strong>En italien et en latin &#8220;a cappella veut dire &#8220;pour la chapelle&#8221;.<br \/>Je ne suis pas croyant. Je ne peux pas chanter pour la chapelle, pour l&#8217;\u00e9glise, pour aucune chapelle.<br \/>Je peux chanter pour des gens rassembl\u00e9s. Des gens vivants.<br \/>Et chanter que la vie est sacr\u00e9e.<br \/>Chanter nous aide \u00e0 le comprendre : par le souffle, le rythme, la vibration, la m\u00e9lodie, la langue&#8230;<br \/>Comprendre cette palpitation incompr\u00e9hensible qui nous traverse toutes et tous et que nous appelons la vie.<\/p>\t\t\t\t\t\t<\/div>\n\t\t\t\t<\/div>\n\t\t\t\t\t<\/div>\n\t\t<\/div>\n\t\t\t\t<div class=\"elementor-column elementor-col-33 elementor-top-column elementor-element elementor-element-5eadf26\" data-id=\"5eadf26\" data-element_type=\"column\">\n\t\t\t<div class=\"elementor-widget-wrap elementor-element-populated\">\n\t\t\t\t\t\t<div class=\"elementor-element elementor-element-f7faeee elementor-widget elementor-widget-image\" data-id=\"f7faeee\" data-element_type=\"widget\" data-widget_type=\"image.default\">\n\t\t\t\t<div class=\"elementor-widget-container\">\n\t\t\t\t\t\t\t\t\t\t\t\t\t<img fetchpriority=\"high\" decoding=\"async\" width=\"1024\" height=\"683\" src=\"https:\/\/etreshumainsprofessionnels.fr\/wp-content\/uploads\/2025\/06\/A_CAPPELLA_Michel_Aymard___Matthieu_Samadet-1024x683.jpg\" class=\"attachment-large size-large wp-image-3091\" alt=\"\" srcset=\"https:\/\/etreshumainsprofessionnels.fr\/wp-content\/uploads\/2025\/06\/A_CAPPELLA_Michel_Aymard___Matthieu_Samadet-1024x683.jpg 1024w, https:\/\/etreshumainsprofessionnels.fr\/wp-content\/uploads\/2025\/06\/A_CAPPELLA_Michel_Aymard___Matthieu_Samadet-300x200.jpg 300w, https:\/\/etreshumainsprofessionnels.fr\/wp-content\/uploads\/2025\/06\/A_CAPPELLA_Michel_Aymard___Matthieu_Samadet-768x512.jpg 768w\" sizes=\"(max-width: 1024px) 100vw, 1024px\" \/>\t\t\t\t\t\t\t\t\t\t\t\t\t<\/div>\n\t\t\t\t<\/div>\n\t\t\t\t<div class=\"elementor-element elementor-element-91da491 elementor-widget elementor-widget-text-editor\" data-id=\"91da491\" data-element_type=\"widget\" data-widget_type=\"text-editor.default\">\n\t\t\t\t<div class=\"elementor-widget-container\">\n\t\t\t\t\t\t\t<p><strong>Conception et interpr\u00e9tation : <\/strong>Michel Aymard<\/p><p><strong>Dur\u00e9e du spectacle : :<\/strong>50 minutes<\/p>\t\t\t\t\t\t<\/div>\n\t\t\t\t<\/div>\n\t\t\t\t\t<\/div>\n\t\t<\/div>\n\t\t\t\t\t<\/div>\n\t\t<\/section>\n\t\t\t\t<\/div>\n\t\t","protected":false},"excerpt":{"rendered":"<p>A capella Je chante a cappella.Cela veut dire que je chante sans accompagnement instrumental.C&#8217;est nouveau pour moi.Auparavant, j&#8217;ai toujours con\u00e7u mes spectacles en relation \u00e9troite et fertile avec des musiciennes ou des musiciens. Dans mon travail avec eux, il n&#8217;a jamais \u00e9t\u00e9 question qu&#8217;ils ou elles m&#8217;accompagnent.Notre travail commun \u00e9tait un accompagnement mutuel, dans une &hellip;<\/p>\n<p class=\"read-more\"> <a class=\"\" href=\"https:\/\/etreshumainsprofessionnels.fr\/index.php\/2021\/03\/22\/a-capella\/\"> <span class=\"screen-reader-text\">A capella<\/span> Read More &raquo;<\/a><\/p>\n","protected":false},"author":1,"featured_media":0,"comment_status":"closed","ping_status":"closed","sticky":false,"template":"elementor_header_footer","format":"standard","meta":{"site-sidebar-layout":"default","site-content-layout":"default","ast-global-header-display":"","ast-banner-title-visibility":"","ast-main-header-display":"","ast-hfb-above-header-display":"","ast-hfb-below-header-display":"","ast-hfb-mobile-header-display":"","site-post-title":"","ast-breadcrumbs-content":"","ast-featured-img":"","footer-sml-layout":"","theme-transparent-header-meta":"","adv-header-id-meta":"","stick-header-meta":"","header-above-stick-meta":"","header-main-stick-meta":"","header-below-stick-meta":""},"categories":[65],"tags":[],"_links":{"self":[{"href":"https:\/\/etreshumainsprofessionnels.fr\/index.php\/wp-json\/wp\/v2\/posts\/1730"}],"collection":[{"href":"https:\/\/etreshumainsprofessionnels.fr\/index.php\/wp-json\/wp\/v2\/posts"}],"about":[{"href":"https:\/\/etreshumainsprofessionnels.fr\/index.php\/wp-json\/wp\/v2\/types\/post"}],"author":[{"embeddable":true,"href":"https:\/\/etreshumainsprofessionnels.fr\/index.php\/wp-json\/wp\/v2\/users\/1"}],"replies":[{"embeddable":true,"href":"https:\/\/etreshumainsprofessionnels.fr\/index.php\/wp-json\/wp\/v2\/comments?post=1730"}],"version-history":[{"count":18,"href":"https:\/\/etreshumainsprofessionnels.fr\/index.php\/wp-json\/wp\/v2\/posts\/1730\/revisions"}],"predecessor-version":[{"id":3094,"href":"https:\/\/etreshumainsprofessionnels.fr\/index.php\/wp-json\/wp\/v2\/posts\/1730\/revisions\/3094"}],"wp:attachment":[{"href":"https:\/\/etreshumainsprofessionnels.fr\/index.php\/wp-json\/wp\/v2\/media?parent=1730"}],"wp:term":[{"taxonomy":"category","embeddable":true,"href":"https:\/\/etreshumainsprofessionnels.fr\/index.php\/wp-json\/wp\/v2\/categories?post=1730"},{"taxonomy":"post_tag","embeddable":true,"href":"https:\/\/etreshumainsprofessionnels.fr\/index.php\/wp-json\/wp\/v2\/tags?post=1730"}],"curies":[{"name":"wp","href":"https:\/\/api.w.org\/{rel}","templated":true}]}}